{"id":1316,"date":"2009-05-07T08:47:35","date_gmt":"2009-05-07T12:47:35","guid":{"rendered":"http:\/\/www.redenoticia.com.br\/noticia\/?p=1316"},"modified":"2009-05-07T08:47:35","modified_gmt":"2009-05-07T12:47:35","slug":"hoje-comeca-a-1%c2%aa-fecomind-em-ji-parana","status":"publish","type":"post","link":"https:\/\/migracao.redenoticia.com.br\/noticia\/2009\/hoje-comeca-a-1%c2%aa-fecomind-em-ji-parana\/1316","title":{"rendered":"Hoje come\u00e7a a 1\u00aa Fecomind em Ji-Paran\u00e1"},"content":{"rendered":"<p>\u00c0 partir das 17h00 de hoje (7), os convidados ser\u00e3o recepcionados e \u00e0s 18h00 est\u00e1 agendada a abertura oficial da primeira feira da industria e comercio de Ji-Paran\u00e1, organizada pela ACIJIP.<\/p>\n<p align=\"justify\"><span style=\"font-size: x-small;\">Ap\u00f3s a abertura do evento, ser\u00e1 realizada a  palestra Revolu\u00e7\u00e3o dos Campe\u00f5es, em parceria com o Sebrae, ministrada pelo  m\u00e9dico psiquiatra p\u00f3s-graduado em Gest\u00e3o de Neg\u00f3cios (MBA\/USP) e doutor em  Administra\u00e7\u00e3o de Empresas pela Universidade de S\u00e3o Paulo (USP), Roberto  Shinyashiki, no Clube Vera Cruz.<\/span><\/p>\n<p>Convidados ilustres j\u00e1 confirmaram a presen\u00e7a e a imprensa ter\u00e1 espa\u00e7o para realizar entrevistas com conforto e privacidade no estande da ACIJIP.<\/p>\n","protected":false},"excerpt":{"rendered":"<p>\u00c0 partir das 17h00 de hoje (7), os convidados ser\u00e3o recepcionados e \u00e0s 18h00 est\u00e1 agendada a abertura oficial da primeira feira da industria e comercio de Ji-Paran\u00e1, organizada pela ACIJIP. Ap\u00f3s a abertura do evento, ser\u00e1 realizada a palestra Revolu\u00e7\u00e3o dos Campe\u00f5es, em parceria com o Sebrae, ministrada pelo m\u00e9dico psiquiatra p\u00f3s-graduado em Gest\u00e3o [&hellip;]<\/p>\n","protected":false},"author":3,"featured_media":0,"comment_status":"open","ping_status":"open","sticky":false,"template":"","format":"standard","meta":{"tdm_status":"","tdm_grid_status":"","footnotes":""},"categories":[22],"tags":[],"class_list":{"0":"post-1316","1":"post","2":"type-post","3":"status-publish","4":"format-standard","6":"category-brasil"},"_links":{"self":[{"href":"https:\/\/migracao.redenoticia.com.br\/noticia\/wp-json\/wp\/v2\/posts\/1316","targetHints":{"allow":["GET"]}}],"collection":[{"href":"https:\/\/migracao.redenoticia.com.br\/noticia\/wp-json\/wp\/v2\/posts"}],"about":[{"href":"https:\/\/migracao.redenoticia.com.br\/noticia\/wp-json\/wp\/v2\/types\/post"}],"author":[{"embeddable":true,"href":"https:\/\/migracao.redenoticia.com.br\/noticia\/wp-json\/wp\/v2\/users\/3"}],"replies":[{"embeddable":true,"href":"https:\/\/migracao.redenoticia.com.br\/noticia\/wp-json\/wp\/v2\/comments?post=1316"}],"version-history":[{"count":0,"href":"https:\/\/migracao.redenoticia.com.br\/noticia\/wp-json\/wp\/v2\/posts\/1316\/revisions"}],"wp:attachment":[{"href":"https:\/\/migracao.redenoticia.com.br\/noticia\/wp-json\/wp\/v2\/media?parent=1316"}],"wp:term":[{"taxonomy":"category","embeddable":true,"href":"https:\/\/migracao.redenoticia.com.br\/noticia\/wp-json\/wp\/v2\/categories?post=1316"},{"taxonomy":"post_tag","embeddable":true,"href":"https:\/\/migracao.redenoticia.com.br\/noticia\/wp-json\/wp\/v2\/tags?post=1316"}],"curies":[{"name":"wp","href":"https:\/\/api.w.org\/{rel}","templated":true}]}}