{"id":131690,"date":"2018-01-17T00:33:09","date_gmt":"2018-01-17T02:33:09","guid":{"rendered":"https:\/\/www.redenoticia.com.br\/noticia\/?p=131690"},"modified":"2018-01-16T16:45:27","modified_gmt":"2018-01-16T18:45:27","slug":"governo-antecipa-vacinacao-contra-a-febre-amarela-em-sao-paulo","status":"publish","type":"post","link":"https:\/\/migracao.redenoticia.com.br\/noticia\/2018\/governo-antecipa-vacinacao-contra-a-febre-amarela-em-sao-paulo\/131690","title":{"rendered":"Governo antecipa vacina\u00e7\u00e3o contra a febre amarela em S\u00e3o Paulo"},"content":{"rendered":"<p> A campanha de <strong><em>vacina\u00e7\u00e3o contra a febre amarela<\/em><\/strong> com dose fracionada ser\u00e1 antecipada no Estado de S\u00e3o Paulo. A informa\u00e7\u00e3o foi confirmada pelo governador Geraldo Alckmin. \u201cEstamos antecipando uma semana, ao inv\u00e9s de come\u00e7ar dia 3 de fevereiro, vai come\u00e7ar no dia 29 de janeiro e vai at\u00e9 o dia 17 de fevereiro\u201d, afirmou Alckmin.<\/p>\n<p> A expectativa \u00e9 imunizar 8,3 milh\u00f5es de pessoas no Estado de S\u00e3o Paulo, referente ao p\u00fablico-alvo da campanha, sendo que 6,2 milh\u00f5es receber\u00e3o a vacina fracionada. Por\u00e9m, o\u00a0Governo do Estado j\u00e1 solicitou mais 1 milh\u00e3o de vacinas, fora da campanha. \u201c\u00c9\u00a0importante n\u00e3o ter p\u00e2nico, nem correria, toda a popula\u00e7\u00e3o dever\u00e1 ser vacinada at\u00e9 o final do ano\u201d, alertou o governador.<\/p>\n<p>Alckmin lembrou que o Estado n\u00e3o registra nenhum caso de febre amarela urbana desde 1942. Os \u00faltimos casos anunciados s\u00e3o de febre amarela silvestre.<\/p>\n<p>Os sintomas da febre amarela<\/p>\n<p>A febre amarela \u00e9 marcada por sintomas como dores nas costas, no abd\u00f4men ou nos m\u00fasculos, calafrios, fadiga, febre, mal-estar ou perda de apetite. A doen\u00e7a tamb\u00e9m pode causar enjoo ou v\u00f4mito e del\u00edrio, e \u00e9 comum dores de cabe\u00e7a, pele e olhos amarelados ou at\u00e9 mesmo sangramento.<\/p>\n<p>Por\u00e9m, a avalia\u00e7\u00e3o m\u00e9dica \u00e9 sempre imprescind\u00edvel para um diagn\u00f3stico mais preciso e o tratamento mais adequado.<\/p>\n<p>Do Portal do Governo SP<\/p>\n","protected":false},"excerpt":{"rendered":"<p>A campanha de vacina\u00e7\u00e3o contra a febre amarela com dose fracionada ser\u00e1 antecipada no Estado de S\u00e3o Paulo. A informa\u00e7\u00e3o foi confirmada pelo governador Geraldo Alckmin. \u201cEstamos antecipando uma semana, ao inv\u00e9s de come\u00e7ar dia 3 de fevereiro, vai come\u00e7ar no dia 29 de janeiro e vai at\u00e9 o dia 17 de fevereiro\u201d, afirmou Alckmin. [&hellip;]<\/p>\n","protected":false},"author":2,"featured_media":34747,"comment_status":"closed","ping_status":"closed","sticky":false,"template":"","format":"standard","meta":{"tdm_status":"","tdm_grid_status":"","footnotes":""},"categories":[22,5],"tags":[],"class_list":{"0":"post-131690","1":"post","2":"type-post","3":"status-publish","4":"format-standard","5":"has-post-thumbnail","7":"category-brasil","8":"category-saude-e-vida"},"_links":{"self":[{"href":"https:\/\/migracao.redenoticia.com.br\/noticia\/wp-json\/wp\/v2\/posts\/131690","targetHints":{"allow":["GET"]}}],"collection":[{"href":"https:\/\/migracao.redenoticia.com.br\/noticia\/wp-json\/wp\/v2\/posts"}],"about":[{"href":"https:\/\/migracao.redenoticia.com.br\/noticia\/wp-json\/wp\/v2\/types\/post"}],"author":[{"embeddable":true,"href":"https:\/\/migracao.redenoticia.com.br\/noticia\/wp-json\/wp\/v2\/users\/2"}],"replies":[{"embeddable":true,"href":"https:\/\/migracao.redenoticia.com.br\/noticia\/wp-json\/wp\/v2\/comments?post=131690"}],"version-history":[{"count":0,"href":"https:\/\/migracao.redenoticia.com.br\/noticia\/wp-json\/wp\/v2\/posts\/131690\/revisions"}],"wp:featuredmedia":[{"embeddable":true,"href":"https:\/\/migracao.redenoticia.com.br\/noticia\/wp-json\/wp\/v2\/media\/34747"}],"wp:attachment":[{"href":"https:\/\/migracao.redenoticia.com.br\/noticia\/wp-json\/wp\/v2\/media?parent=131690"}],"wp:term":[{"taxonomy":"category","embeddable":true,"href":"https:\/\/migracao.redenoticia.com.br\/noticia\/wp-json\/wp\/v2\/categories?post=131690"},{"taxonomy":"post_tag","embeddable":true,"href":"https:\/\/migracao.redenoticia.com.br\/noticia\/wp-json\/wp\/v2\/tags?post=131690"}],"curies":[{"name":"wp","href":"https:\/\/api.w.org\/{rel}","templated":true}]}}