{"id":131708,"date":"2018-01-16T16:41:58","date_gmt":"2018-01-16T18:41:58","guid":{"rendered":"https:\/\/www.redenoticia.com.br\/noticia\/?p=131708"},"modified":"2018-01-16T17:10:30","modified_gmt":"2018-01-16T19:10:30","slug":"resumo-novela-chiquititas-17-01-vivi-beja-samuca-no-rosto","status":"publish","type":"post","link":"https:\/\/migracao.redenoticia.com.br\/noticia\/2018\/resumo-novela-chiquititas-17-01-vivi-beja-samuca-no-rosto\/131708","title":{"rendered":"Resumo novela \u201cChiquititas\u201d 17\/01: Vivi beja Samuca no rosto"},"content":{"rendered":"<p><img loading=\"lazy\" decoding=\"async\" class=\"alignleft size-thumbnail wp-image-49690\" src=\"https:\/\/migracao.redenoticia.com.br\/noticia\/imagens\/chiquititas1-150x112.jpg\" alt=\"chiquititas\" width=\"150\" height=\"112\" \/><strong><em>Resumo novela \u201cChiquititas\u201d 17\/01<\/em><\/strong>: no cap\u00edtulo 352(*) da novela \u201cChiquititas\u201d, resumo de quarta-feira, 17 de janeiro, Vitor vai at\u00e9 o Caf\u00e9 Boutique falar com \u00c9rica, que entrega a receita do muffin para ele. Rafa e Mosca avisam que Janu e Bel agora fazem parte do grupo do pessoal do Orfanato Raio de Luz. Cris n\u00e3o consegue tirar fotos ruins de Vivi. Matilde, que finge ser Ernestina, continua com o plano de tentar reconquistar Chico visando o dinheiro que ele recebeu de Junior pela receita do muffin. Na cadeia, presa injustamente no lugar da irm\u00e3, a verdadeira Ernestina diz que Matilde sempre roubava tudo que era dela, at\u00e9 mesmo os namorados. Ela se lembra de quando era jovem e Matilde saiu com seu primeiro amor no lugar dela. <\/p>\n<p>Ernestina diz que esse tempo injusto na cadeia fez ela perceber que n\u00e3o pode ser t\u00e3o boa e jura que ir\u00e1 se vingar da irm\u00e3. Samuca presenteia Vivi, que agradece ele com um beijo no rosto. Cris espia tudo e Marian aparece. A vil\u00e3 diz que essa \u00e9 a hora de se vingar e que ela deve postar a imagem dizendo que Vivi roubou seu namorado. Vivi v\u00ea a foto e discute com Cris. Chico diz que gostou da carta escrita por Ernestina, que na verdade \u00e9 Matilde. Ela chama o cozinheiro para um jantar rom\u00e2ntico e ele aceita. Mosca diz que Janu quase o beijou e que acha que dar\u00e1 uma chance para ela, pois Mili n\u00e3o quer mais saber dele. \u00c9rica diz para Francis que Vitor n\u00e3o responde mais as mensagens dela. Marian mostra para Samuca uma publica\u00e7\u00e3o que Vivi teria dito que jamais ficaria com algu\u00e9m como ele. Samuca diz para Vivi que sempre ajudou ela e pensou que eram amigos, mas que ele devia estar errado.<\/p>\n<p>(*) edi\u00e7\u00e3o do SBT, Novela \u201cChiquititas\u201d, sujeito a altera\u00e7\u00e3o de data e conte\u00fado.<\/p>\n<p>Chiquititas gira em torno do orfanato Raio de Luz, que carrega em sua hist\u00f3ria um grande segredo envolvendo a fam\u00edlia e o dono do orfanato, Dr. Jos\u00e9 Ricardo Almeida Campos. Em um per\u00edodo anterior \u00e0 novela, exatos treze anos, sua filha Gabriela se apaixonou e ficou gr\u00e1vida de Miguel, filho de Valentina, empregada da casa dos Almeida Campos. Pouco depois, Jos\u00e9 Ricardo sequestrou sua neta, pois, como um homem conservador, ele n\u00e3o aceitava a ideia de que sua filha se envolvesse com um empregado. Como sua neta, Milena, apelidada como Mili, precisava de um lugar para morar, ele comprou um casar\u00e3o e fundou um orfanato, o Raio de Luz. <\/p>\n<p>Mili cresceu l\u00e1 com outras garotas que chegaram posteriormente: Bia, Ana, as irm\u00e3s Tati e Vivi, e Cris. Ao decorrer dos anos, elas se tornam uma fam\u00edlia. Elas s\u00e3o supervisionadas por Ernestina, zeladora do orfanato, e Chico, o cozinheiro amado pelas internas. Sofia, ex-governanta da fam\u00edlia Almeida Campos, \u00e9 a diretora do lugar, at\u00e9 que Carmem, irm\u00e3 de Jos\u00e9 Ricardo, entre em seu lugar. Chegam ainda mais \u00f3rf\u00e3os: Pata, Mosca, Binho e Rafa, que viviam nas ruas antes de entrarem na institui\u00e7\u00e3o. Pata e Mili tornam-se amigas rapidamente, enquanto Mosca, Binho e Rafa s\u00e3o os primeiros garotos a entrar no abrigo. As crian\u00e7as sem-teto foram ajudadas por uma doce e bela garota que tocam e mudam a vida delas, assim como as das garotas \u00f3rf\u00e3s.<\/p>\n","protected":false},"excerpt":{"rendered":"<p>Resumo novela \u201cChiquititas\u201d 17\/01: no cap\u00edtulo 352(*) da novela \u201cChiquititas\u201d, resumo de quarta-feira, 17 de janeiro, Vitor vai at\u00e9 o Caf\u00e9 Boutique falar com \u00c9rica, que entrega a receita do muffin para ele. Rafa e Mosca avisam que Janu e Bel agora fazem parte do grupo do pessoal do Orfanato Raio de Luz. Cris n\u00e3o [&hellip;]<\/p>\n","protected":false},"author":4,"featured_media":46455,"comment_status":"closed","ping_status":"closed","sticky":false,"template":"","format":"standard","meta":{"tdm_status":"","tdm_grid_status":"","footnotes":""},"categories":[409,379,372,343],"tags":[441],"class_list":{"0":"post-131708","1":"post","2":"type-post","3":"status-publish","4":"format-standard","5":"has-post-thumbnail","7":"category-chiquititas","8":"category-novelas","9":"category-sbt","10":"category-televisao","11":"tag-resumo-do-dia"},"_links":{"self":[{"href":"https:\/\/migracao.redenoticia.com.br\/noticia\/wp-json\/wp\/v2\/posts\/131708","targetHints":{"allow":["GET"]}}],"collection":[{"href":"https:\/\/migracao.redenoticia.com.br\/noticia\/wp-json\/wp\/v2\/posts"}],"about":[{"href":"https:\/\/migracao.redenoticia.com.br\/noticia\/wp-json\/wp\/v2\/types\/post"}],"author":[{"embeddable":true,"href":"https:\/\/migracao.redenoticia.com.br\/noticia\/wp-json\/wp\/v2\/users\/4"}],"replies":[{"embeddable":true,"href":"https:\/\/migracao.redenoticia.com.br\/noticia\/wp-json\/wp\/v2\/comments?post=131708"}],"version-history":[{"count":0,"href":"https:\/\/migracao.redenoticia.com.br\/noticia\/wp-json\/wp\/v2\/posts\/131708\/revisions"}],"wp:featuredmedia":[{"embeddable":true,"href":"https:\/\/migracao.redenoticia.com.br\/noticia\/wp-json\/wp\/v2\/media\/46455"}],"wp:attachment":[{"href":"https:\/\/migracao.redenoticia.com.br\/noticia\/wp-json\/wp\/v2\/media?parent=131708"}],"wp:term":[{"taxonomy":"category","embeddable":true,"href":"https:\/\/migracao.redenoticia.com.br\/noticia\/wp-json\/wp\/v2\/categories?post=131708"},{"taxonomy":"post_tag","embeddable":true,"href":"https:\/\/migracao.redenoticia.com.br\/noticia\/wp-json\/wp\/v2\/tags?post=131708"}],"curies":[{"name":"wp","href":"https:\/\/api.w.org\/{rel}","templated":true}]}}