{"id":131913,"date":"2018-01-18T00:06:04","date_gmt":"2018-01-18T02:06:04","guid":{"rendered":"https:\/\/www.redenoticia.com.br\/noticia\/?p=131913"},"modified":"2018-01-17T22:05:57","modified_gmt":"2018-01-18T00:05:57","slug":"febre-amarela-leva-mairipora-a-decretar-situacao-de-calamidade-publica","status":"publish","type":"post","link":"https:\/\/migracao.redenoticia.com.br\/noticia\/2018\/febre-amarela-leva-mairipora-a-decretar-situacao-de-calamidade-publica\/131913","title":{"rendered":"Febre amarela leva Mairipor\u00e3 a decretar situa\u00e7\u00e3o de calamidade p\u00fablica"},"content":{"rendered":"<p> A cidade de Mairipor\u00e3, na Grande S\u00e3o Paulo, decretou situa\u00e7\u00e3o de emerg\u00eancia e calamidade na sa\u00fade p\u00fablica por 180 dias, devido \u00e0 <strong><em>febre amarela<\/em><\/strong> que j\u00e1 causou a morte de 10 pessoas no munic\u00edpio. A prefeitura informou que, at\u00e9 o \u00faltimo s\u00e1bado (13), havia 42 casos suspeitos. Foram recolhidos 230 macacos mortos, 97 deles com febre amarela confirmada.<\/p>\n<p> O decreto, publicado no \u00faltimo s\u00e1bado, permite contrata\u00e7\u00f5es emergenciais, a entrada for\u00e7ada em im\u00f3veis particulares para combate do criadouro de mosquitos e o remanejamento de servidores para atender \u00e0s demandas priorit\u00e1rias da Secretaria Municipal de Sa\u00fade.<\/p>\n<p>De acordo com a prefeitura, Mairipor\u00e3 atingiu alto \u00edndice de imuniza\u00e7\u00e3o \u2013 mais de 90% da popula\u00e7\u00e3o recebeu a vacina. Por isso, a cidade decidiu encerrar a vacina\u00e7\u00e3o feita durante 24 horas em um hospital e uma Unidade de Pronto-Atendimento da cidade.<\/p>\n<p>No estado de S\u00e3o Paulo, a meta \u00e9 atender a 8,3 milh\u00f5es de pessoas ainda n\u00e3o vacinadas. O in\u00edcio da campanha com vacinas fracionadas (subdivididas em at\u00e9 cinco partes, contendo 0,1 mililitros da vacina) foi antecipada para o pr\u00f3ximo dia 29 de janeiro.<\/p>\n<p>A campanha, que ocorre em 54 cidades paulistas, ser\u00e1 intensificada nos s\u00e1bados, dias 3 e 17 de fevereiro. A vacina fracionada tem efic\u00e1cia comprovada de pelo menos oito anos, diferente da dose padr\u00e3o que \u00e9 v\u00e1lida para a vida inteira. As carteiras de vacina\u00e7\u00e3o receber\u00e3o um selo para indicar que a dose aplicada foi fracionada.<\/p>\n<p>Fernanda Cruz &#8211; Rep\u00f3rter da Ag\u00eancia Brasil<br \/>\nEdi\u00e7\u00e3o: Gra\u00e7a Adjuto<br \/>\n18\/01\/2018<\/p>\n","protected":false},"excerpt":{"rendered":"<p>A cidade de Mairipor\u00e3, na Grande S\u00e3o Paulo, decretou situa\u00e7\u00e3o de emerg\u00eancia e calamidade na sa\u00fade p\u00fablica por 180 dias, devido \u00e0 febre amarela que j\u00e1 causou a morte de 10 pessoas no munic\u00edpio. A prefeitura informou que, at\u00e9 o \u00faltimo s\u00e1bado (13), havia 42 casos suspeitos. Foram recolhidos 230 macacos mortos, 97 deles com [&hellip;]<\/p>\n","protected":false},"author":2,"featured_media":57579,"comment_status":"closed","ping_status":"closed","sticky":false,"template":"","format":"standard","meta":{"tdm_status":"","tdm_grid_status":"","footnotes":""},"categories":[22,5],"tags":[],"class_list":{"0":"post-131913","1":"post","2":"type-post","3":"status-publish","4":"format-standard","5":"has-post-thumbnail","7":"category-brasil","8":"category-saude-e-vida"},"_links":{"self":[{"href":"https:\/\/migracao.redenoticia.com.br\/noticia\/wp-json\/wp\/v2\/posts\/131913","targetHints":{"allow":["GET"]}}],"collection":[{"href":"https:\/\/migracao.redenoticia.com.br\/noticia\/wp-json\/wp\/v2\/posts"}],"about":[{"href":"https:\/\/migracao.redenoticia.com.br\/noticia\/wp-json\/wp\/v2\/types\/post"}],"author":[{"embeddable":true,"href":"https:\/\/migracao.redenoticia.com.br\/noticia\/wp-json\/wp\/v2\/users\/2"}],"replies":[{"embeddable":true,"href":"https:\/\/migracao.redenoticia.com.br\/noticia\/wp-json\/wp\/v2\/comments?post=131913"}],"version-history":[{"count":0,"href":"https:\/\/migracao.redenoticia.com.br\/noticia\/wp-json\/wp\/v2\/posts\/131913\/revisions"}],"wp:featuredmedia":[{"embeddable":true,"href":"https:\/\/migracao.redenoticia.com.br\/noticia\/wp-json\/wp\/v2\/media\/57579"}],"wp:attachment":[{"href":"https:\/\/migracao.redenoticia.com.br\/noticia\/wp-json\/wp\/v2\/media?parent=131913"}],"wp:term":[{"taxonomy":"category","embeddable":true,"href":"https:\/\/migracao.redenoticia.com.br\/noticia\/wp-json\/wp\/v2\/categories?post=131913"},{"taxonomy":"post_tag","embeddable":true,"href":"https:\/\/migracao.redenoticia.com.br\/noticia\/wp-json\/wp\/v2\/tags?post=131913"}],"curies":[{"name":"wp","href":"https:\/\/api.w.org\/{rel}","templated":true}]}}