{"id":132000,"date":"2018-01-19T00:10:44","date_gmt":"2018-01-19T02:10:44","guid":{"rendered":"https:\/\/www.redenoticia.com.br\/noticia\/?p=132000"},"modified":"2018-01-18T23:00:59","modified_gmt":"2018-01-19T01:00:59","slug":"cps-e-sebrae-sp-oferecem-cursos-gratuitos-para-mei","status":"publish","type":"post","link":"https:\/\/migracao.redenoticia.com.br\/noticia\/2018\/cps-e-sebrae-sp-oferecem-cursos-gratuitos-para-mei\/132000","title":{"rendered":"CPS e Sebrae SP oferecem cursos gratuitos para MEI"},"content":{"rendered":"<p> Se voc\u00ea \u00e9 microempreendedor individual e quer ampliar sua qualifica\u00e7\u00e3o por meio de <strong><em>cursos gratuitos<\/em><\/strong>, aproveite a oportunidade oferecida pelo\u00a0Servi\u00e7o Brasileiro de Apoio \u00e0s Micro e Pequenas Empresas\u00a0de S\u00e3o Paulo (Sebrae-SP) em parceria com o Centro Paula Souza, o\u00a0.<\/p>\n<p>S\u00e3o mais de 30 mil vagas e 150 op\u00e7\u00f5es de cursos em diversas \u00e1reas como beleza, alimenta\u00e7\u00e3o e constru\u00e7\u00e3o civil.\u00a0Para participar, \u00e9 necess\u00e1rio se inscrever pelo site do\u00a0.<\/p>\n<p>O participante passar\u00e1 por quatro etapas: formaliza\u00e7\u00e3o, cursos de gest\u00e3o (dura\u00e7\u00e3o de oito horas), capacita\u00e7\u00e3o profissional (dura\u00e7\u00e3o de 20 a 50 horas) e acesso ao mercado de trabalho.<\/p>\n<p>Ministradas nas Etecs (Escolas T\u00e9cnicas Estaduais), preferencialmente no per\u00edodo noturno, as aulas reunir\u00e3o de 16 a 20 pessoas por sala.<\/p>\n<p>Mais informa\u00e7\u00f5es\u00a0pelo telefone 0800 570 0800 (nos dias \u00fateis, das 8h \u00e0s 20h) e presencialmente nos\u00a0\u00a0do Sebrae-SP.<\/p>\n<p>Do Portal do Governo SP<\/p>\n","protected":false},"excerpt":{"rendered":"<p>Se voc\u00ea \u00e9 microempreendedor individual e quer ampliar sua qualifica\u00e7\u00e3o por meio de cursos gratuitos, aproveite a oportunidade oferecida pelo\u00a0Servi\u00e7o Brasileiro de Apoio \u00e0s Micro e Pequenas Empresas\u00a0de S\u00e3o Paulo (Sebrae-SP) em parceria com o Centro Paula Souza, o\u00a0. S\u00e3o mais de 30 mil vagas e 150 op\u00e7\u00f5es de cursos em diversas \u00e1reas como beleza, [&hellip;]<\/p>\n","protected":false},"author":2,"featured_media":36246,"comment_status":"closed","ping_status":"closed","sticky":false,"template":"","format":"standard","meta":{"tdm_status":"","tdm_grid_status":"","footnotes":""},"categories":[22,351,370],"tags":[],"class_list":{"0":"post-132000","1":"post","2":"type-post","3":"status-publish","4":"format-standard","5":"has-post-thumbnail","7":"category-brasil","8":"category-cursos","9":"category-inscricao"},"_links":{"self":[{"href":"https:\/\/migracao.redenoticia.com.br\/noticia\/wp-json\/wp\/v2\/posts\/132000","targetHints":{"allow":["GET"]}}],"collection":[{"href":"https:\/\/migracao.redenoticia.com.br\/noticia\/wp-json\/wp\/v2\/posts"}],"about":[{"href":"https:\/\/migracao.redenoticia.com.br\/noticia\/wp-json\/wp\/v2\/types\/post"}],"author":[{"embeddable":true,"href":"https:\/\/migracao.redenoticia.com.br\/noticia\/wp-json\/wp\/v2\/users\/2"}],"replies":[{"embeddable":true,"href":"https:\/\/migracao.redenoticia.com.br\/noticia\/wp-json\/wp\/v2\/comments?post=132000"}],"version-history":[{"count":0,"href":"https:\/\/migracao.redenoticia.com.br\/noticia\/wp-json\/wp\/v2\/posts\/132000\/revisions"}],"wp:featuredmedia":[{"embeddable":true,"href":"https:\/\/migracao.redenoticia.com.br\/noticia\/wp-json\/wp\/v2\/media\/36246"}],"wp:attachment":[{"href":"https:\/\/migracao.redenoticia.com.br\/noticia\/wp-json\/wp\/v2\/media?parent=132000"}],"wp:term":[{"taxonomy":"category","embeddable":true,"href":"https:\/\/migracao.redenoticia.com.br\/noticia\/wp-json\/wp\/v2\/categories?post=132000"},{"taxonomy":"post_tag","embeddable":true,"href":"https:\/\/migracao.redenoticia.com.br\/noticia\/wp-json\/wp\/v2\/tags?post=132000"}],"curies":[{"name":"wp","href":"https:\/\/api.w.org\/{rel}","templated":true}]}}