{"id":132179,"date":"2018-01-22T00:05:50","date_gmt":"2018-01-22T02:05:50","guid":{"rendered":"https:\/\/www.redenoticia.com.br\/noticia\/?p=132179"},"modified":"2018-01-21T19:17:20","modified_gmt":"2018-01-21T21:17:20","slug":"cern-abre-inscricoes-para-programa-de-verao-na-suica","status":"publish","type":"post","link":"https:\/\/migracao.redenoticia.com.br\/noticia\/2018\/cern-abre-inscricoes-para-programa-de-verao-na-suica\/132179","title":{"rendered":"Cern abre inscri\u00e7\u00f5es para programa de ver\u00e3o na Su\u00ed\u00e7a"},"content":{"rendered":"<p> Ag\u00eancia FAPESP\u00a0\u2013 A Organiza\u00e7\u00e3o Europeia para a Pesquisa Nuclear (Cern) recebe at\u00e9 28 de janeiro inscri\u00e7\u00f5es para a <strong><em>edi\u00e7\u00e3o 2018 do CERN<\/em><\/strong> Non Member State Summer Student Programme. O programa oferece a estudantes de gradua\u00e7\u00e3o e jovens na p\u00f3s-gradua\u00e7\u00e3o (ou que conclu\u00edram recentemente), de F\u00edsica, Inform\u00e1tica e Engenharia, oportunidade para conhecer o dia a dia das equipes de pesquisa que participam de experimentos no Cern, na Su\u00ed\u00e7a.<\/p>\n<p>O grupo de pesquisadores do High Energy Physics and Instrumentation Center at USP (Hepic) est\u00e1 \u00e0 frente da oportunidade para os estudantes brasileiros.<\/p>\n<p>Al\u00e9m do trabalho nas equipes experimentais, os estudantes participar\u00e3o de uma s\u00e9rie de palestras e ter\u00e3o contato com cientistas e engenheiros de diversos pa\u00edses, que compartilhar\u00e3o conhecimentos nos campos da f\u00edsica de part\u00edculas e engenharia te\u00f3rica e experimental.<\/p>\n<p>Os alunos dever\u00e3o entregar um relat\u00f3rio ao terminarem o programa. Os participantes receber\u00e3o apoio financeiro do Cern para cobrir custo de acomoda\u00e7\u00e3o e refei\u00e7\u00f5es e para um n\u00famero limitado de viagens e excurs\u00f5es.<\/p>\n<p>A participa\u00e7\u00e3o no programa exige bom conhecimento da l\u00edngua inglesa. A participa\u00e7\u00e3o m\u00ednima \u00e9 de 8 semanas em um dos seguintes per\u00edodos: 11 de junho a 3 de agosto, 18 de junho a 10 de agosto, 25 de junho a 17 de agosto ou de 2 julho a 24 de agosto.<\/p>\n<p>As inscri\u00e7\u00f5es devem ser feitas pelo\u00a0. Os candidatos que cumprirem os crit\u00e9rios de elegibilidade e tenham completado sua candidatura antes do prazo passar\u00e3o para a pr\u00f3xima etapa do processo de sele\u00e7\u00e3o. Os resultados da sele\u00e7\u00e3o ser\u00e3o comunicados aos candidatos no fim de abril.<\/p>\n<p>Mais informa\u00e7\u00f5es:\u00a0.<\/p>\n","protected":false},"excerpt":{"rendered":"<p>Ag\u00eancia FAPESP\u00a0\u2013 A Organiza\u00e7\u00e3o Europeia para a Pesquisa Nuclear (Cern) recebe at\u00e9 28 de janeiro inscri\u00e7\u00f5es para a edi\u00e7\u00e3o 2018 do CERN Non Member State Summer Student Programme. O programa oferece a estudantes de gradua\u00e7\u00e3o e jovens na p\u00f3s-gradua\u00e7\u00e3o (ou que conclu\u00edram recentemente), de F\u00edsica, Inform\u00e1tica e Engenharia, oportunidade para conhecer o dia a dia [&hellip;]<\/p>\n","protected":false},"author":2,"featured_media":36246,"comment_status":"closed","ping_status":"closed","sticky":false,"template":"","format":"standard","meta":{"tdm_status":"","tdm_grid_status":"","footnotes":""},"categories":[22,351,370],"tags":[],"class_list":{"0":"post-132179","1":"post","2":"type-post","3":"status-publish","4":"format-standard","5":"has-post-thumbnail","7":"category-brasil","8":"category-cursos","9":"category-inscricao"},"_links":{"self":[{"href":"https:\/\/migracao.redenoticia.com.br\/noticia\/wp-json\/wp\/v2\/posts\/132179","targetHints":{"allow":["GET"]}}],"collection":[{"href":"https:\/\/migracao.redenoticia.com.br\/noticia\/wp-json\/wp\/v2\/posts"}],"about":[{"href":"https:\/\/migracao.redenoticia.com.br\/noticia\/wp-json\/wp\/v2\/types\/post"}],"author":[{"embeddable":true,"href":"https:\/\/migracao.redenoticia.com.br\/noticia\/wp-json\/wp\/v2\/users\/2"}],"replies":[{"embeddable":true,"href":"https:\/\/migracao.redenoticia.com.br\/noticia\/wp-json\/wp\/v2\/comments?post=132179"}],"version-history":[{"count":0,"href":"https:\/\/migracao.redenoticia.com.br\/noticia\/wp-json\/wp\/v2\/posts\/132179\/revisions"}],"wp:featuredmedia":[{"embeddable":true,"href":"https:\/\/migracao.redenoticia.com.br\/noticia\/wp-json\/wp\/v2\/media\/36246"}],"wp:attachment":[{"href":"https:\/\/migracao.redenoticia.com.br\/noticia\/wp-json\/wp\/v2\/media?parent=132179"}],"wp:term":[{"taxonomy":"category","embeddable":true,"href":"https:\/\/migracao.redenoticia.com.br\/noticia\/wp-json\/wp\/v2\/categories?post=132179"},{"taxonomy":"post_tag","embeddable":true,"href":"https:\/\/migracao.redenoticia.com.br\/noticia\/wp-json\/wp\/v2\/tags?post=132179"}],"curies":[{"name":"wp","href":"https:\/\/api.w.org\/{rel}","templated":true}]}}