{"id":132190,"date":"2018-01-22T00:10:43","date_gmt":"2018-01-22T02:10:43","guid":{"rendered":"https:\/\/www.redenoticia.com.br\/noticia\/?p=132190"},"modified":"2018-01-21T19:17:58","modified_gmt":"2018-01-21T21:17:58","slug":"vacinacao-contra-a-febre-amarela-em-sp-e-antecipada-para-25-de-janeiro","status":"publish","type":"post","link":"https:\/\/migracao.redenoticia.com.br\/noticia\/2018\/vacinacao-contra-a-febre-amarela-em-sp-e-antecipada-para-25-de-janeiro\/132190","title":{"rendered":"Vacina\u00e7\u00e3o contra a febre amarela em SP \u00e9 antecipada para 25 de janeiro"},"content":{"rendered":"<p> O governador Geraldo Alckmin anunciou a antecipa\u00e7\u00e3o,\u00a0em quatro dias,\u00a0do in\u00edcio do Mutir\u00e3o da <strong><em>Vacina contra a Febre Amarela<\/em><\/strong>. Em v\u00eddeo publicado em sua p\u00e1gina no Facebook, Alckmin disse que a campanha prevista para ser iniciada no dia 29 acontecer\u00e1 a partir de 25 de janeiro, pr\u00f3xima quinta-feira.<\/p>\n<p>\u201cToda a log\u00edstica est\u00e1 sendo preparada, 8 milh\u00f5es de pessoas dever\u00e3o ser vacinadas em munic\u00edpios fora de S\u00e3o Paulo, nas chamadas zonas de risco. Depois o trabalho continua. N\u00f3s queremos, em alguns meses, toda a popula\u00e7\u00e3o do Estado vacinada\u201d, disse Alckmin.<\/p>\n<p>A Secretaria de Estado da Sa\u00fade estabeleceu como \u201cDias D\u201d os s\u00e1bados 3 e 17 de fevereiro, data de encerramento do Mutir\u00e3o, quando os postos de vacina\u00e7\u00e3o estar\u00e3o abertos em regime especial para atender a popula\u00e7\u00e3o.<\/p>\n<p>Os 54 munic\u00edpios e 15 distritos abrangidos pelo mutir\u00e3o est\u00e3o localizados em \u00e1reas que n\u00e3o foram alcan\u00e7adas pelo v\u00edrus, mas que est\u00e3o receptivas porque integram os corredores ecol\u00f3gicos. S\u00e3o localidades da Regi\u00e3o da Grande S\u00e3o Paulo, Vale do Para\u00edba e Baixada Santista.<\/p>\n<p>Ser\u00e3o disponibilizadas cerca de 6,3 milh\u00f5es de vacina fracionada para pessoas ainda n\u00e3o vacinadas, que residem nos locais definidos para a campanha, e mais 2 milh\u00f5es de doses padr\u00e3o para crian\u00e7as de idade entre nove meses e dois anos incompletos, pessoas que viajam para locais em que a vacina \u00e9 exigida, gr\u00e1vidas residentes em \u00e1reas de risco e portadores de doen\u00e7as cr\u00f4nicas.<\/p>\n<p>Dever\u00e3o consultar o m\u00e9dico sobre a necessidade da vacina os portadores de HIV positivo, pacientes com tratamento quimioter\u00e1pico conclu\u00eddo, transplantados, hemof\u00edlicos ou pessoas com doen\u00e7as do sangue e de doen\u00e7a falciforme.<\/p>\n<p>N\u00e3o h\u00e1 indica\u00e7\u00e3o de imuniza\u00e7\u00e3o para gr\u00e1vidas que morem em locais sem recomenda\u00e7\u00e3o para vacina, mulheres amamentando crian\u00e7as com\u00a0at\u00e9 6 meses e imunodeprimidos, como pacientes em tratamento quimioter\u00e1pico, radioter\u00e1pico ou com corticoides em doses elevadas (como por exemplo L\u00fapus e Artrite Reumatoide). Em caso de d\u00favida, \u00e9 fundamental consultar o m\u00e9dico.<\/p>\n<p>Nas demais \u00e1reas do Estado de S\u00e3o Paulo onde j\u00e1 h\u00e1 vacina\u00e7\u00e3o em raz\u00e3o da circula\u00e7\u00e3o do v\u00edrus, a imuniza\u00e7\u00e3o seguir\u00e1 com a vacina padr\u00e3o.<\/p>\n<p>Portal do Governo SP<\/p>\n","protected":false},"excerpt":{"rendered":"<p>O governador Geraldo Alckmin anunciou a antecipa\u00e7\u00e3o,\u00a0em quatro dias,\u00a0do in\u00edcio do Mutir\u00e3o da Vacina contra a Febre Amarela. Em v\u00eddeo publicado em sua p\u00e1gina no Facebook, Alckmin disse que a campanha prevista para ser iniciada no dia 29 acontecer\u00e1 a partir de 25 de janeiro, pr\u00f3xima quinta-feira. \u201cToda a log\u00edstica est\u00e1 sendo preparada, 8 milh\u00f5es [&hellip;]<\/p>\n","protected":false},"author":2,"featured_media":34747,"comment_status":"closed","ping_status":"closed","sticky":false,"template":"","format":"standard","meta":{"tdm_status":"","tdm_grid_status":"","footnotes":""},"categories":[22,5],"tags":[],"class_list":{"0":"post-132190","1":"post","2":"type-post","3":"status-publish","4":"format-standard","5":"has-post-thumbnail","7":"category-brasil","8":"category-saude-e-vida"},"_links":{"self":[{"href":"https:\/\/migracao.redenoticia.com.br\/noticia\/wp-json\/wp\/v2\/posts\/132190","targetHints":{"allow":["GET"]}}],"collection":[{"href":"https:\/\/migracao.redenoticia.com.br\/noticia\/wp-json\/wp\/v2\/posts"}],"about":[{"href":"https:\/\/migracao.redenoticia.com.br\/noticia\/wp-json\/wp\/v2\/types\/post"}],"author":[{"embeddable":true,"href":"https:\/\/migracao.redenoticia.com.br\/noticia\/wp-json\/wp\/v2\/users\/2"}],"replies":[{"embeddable":true,"href":"https:\/\/migracao.redenoticia.com.br\/noticia\/wp-json\/wp\/v2\/comments?post=132190"}],"version-history":[{"count":0,"href":"https:\/\/migracao.redenoticia.com.br\/noticia\/wp-json\/wp\/v2\/posts\/132190\/revisions"}],"wp:featuredmedia":[{"embeddable":true,"href":"https:\/\/migracao.redenoticia.com.br\/noticia\/wp-json\/wp\/v2\/media\/34747"}],"wp:attachment":[{"href":"https:\/\/migracao.redenoticia.com.br\/noticia\/wp-json\/wp\/v2\/media?parent=132190"}],"wp:term":[{"taxonomy":"category","embeddable":true,"href":"https:\/\/migracao.redenoticia.com.br\/noticia\/wp-json\/wp\/v2\/categories?post=132190"},{"taxonomy":"post_tag","embeddable":true,"href":"https:\/\/migracao.redenoticia.com.br\/noticia\/wp-json\/wp\/v2\/tags?post=132190"}],"curies":[{"name":"wp","href":"https:\/\/api.w.org\/{rel}","templated":true}]}}