{"id":132215,"date":"2018-01-22T11:39:39","date_gmt":"2018-01-22T13:39:39","guid":{"rendered":"https:\/\/www.redenoticia.com.br\/noticia\/?p=132215"},"modified":"2018-08-13T10:29:45","modified_gmt":"2018-08-13T13:29:45","slug":"bbb18-participantes-oficiais","status":"publish","type":"post","link":"https:\/\/migracao.redenoticia.com.br\/noticia\/2018\/bbb18-participantes-oficiais\/132215","title":{"rendered":"&#8220;BBB&#8221;18: participantes oficiais"},"content":{"rendered":"<p><img loading=\"lazy\" decoding=\"async\" src=\"https:\/\/migracao.redenoticia.com.br\/noticia\/imagens\/bbb-1-150x112.jpg\" alt=\"\" width=\"150\" height=\"112\" class=\"alignleft size-thumbnail wp-image-132206\" srcset=\"https:\/\/migracao.redenoticia.com.br\/noticia\/imagens\/bbb-1-150x112.jpg 150w, https:\/\/migracao.redenoticia.com.br\/noticia\/imagens\/bbb-1-265x198.jpg 265w\" sizes=\"auto, (max-width: 150px) 100vw, 150px\" \/>&#8220;BBB&#8221;18 participantes oficiais: a d\u00e9cima oitava temporada do reality show Big Brother Brasil ser\u00e1 exibida pela Rede Globo a partir de 22 de janeiro de 2018, com t\u00e9rmino previsto para 19 de abril do mesmo ano, estreando pela terceira vez na hist\u00f3ria do programa numa segunda-feira e concluindo pela terceira vez numa quinta-feira. Confira os brothers confinados no &#8220;BBB&#8221;18:<\/p>\n<p>Ana Paula Costa Agustinho, 23 anos, S\u00e3o Jos\u00e9, Santa Catarina, Estudante de Jornalismo;<\/p>\n<p>Breno Siqueira Sim\u00f5es, 29 anos, Goi\u00e2nia, Goi\u00e1s, Arquiteto;<\/p>\n<p>Marcos Antonio Caruso Junior, 34 anos, S\u00e3o Paulo, S\u00e3o Paulo, Publicit\u00e1rio;<\/p>\n<p>Diego Gessualdo Sab\u00e1do de Souza, 31 anos, Bel\u00e9m, Par\u00e1, Escritor;<\/p>\n<p>Gleiciane Damasceno da Silva, 22 anos, Rio Branco, Acre, estudante de Psicologia;<\/p>\n<p>Jaqueline Grohalski Brito, 23 anos, Rolim de Moura, Rond\u00f4nia, Biom\u00e9dica;<\/p>\n<p>J\u00e9ssica Mueller, 26 anos, Florian\u00f3polis, Santa Catarina, Personal trainer;<\/p>\n<p>Kaysar Dadour, 28 anos, Alepo, S\u00edria, Gar\u00e7om;<\/p>\n<p>Lucas Eleut\u00e9rio Fernandes, 27 anos, Fortaleza, Cear\u00e1, Empres\u00e1rio;<\/p>\n<p>Mahmoud Baydoun, 27 anos, Manaus, Amazonas, Sex\u00f3logo;<\/p>\n<p>Helcimara de Souza Telles, 53 anos, Governador Valadares, Minas Gerais, Cientista pol\u00edtica;<\/p>\n<p>Nayara de Deus, 33 anos, Santo Andr\u00e9, S\u00e3o Paulo, Jornalista;<\/p>\n<p>Patr\u00edcia Camila Leite Lima, 32 anos, Ic\u00f3, Cear\u00e1, Funcion\u00e1ria p\u00fablica;<\/p>\n<p>Paula Carolina de Amorim Barbosa, 29 anos, Belo Horizonte, Minas Gerais, Empres\u00e1ria;<\/p>\n<p>Marcos Aurelio Viegas de Carvalho, 33 anos, S\u00e3o Paulo, S\u00e3o Paulo, M\u00fasico;<\/p>\n<p>Wagner Santiago Ribeiro, 35 anos, Curitiba, Paran\u00e1,Artista visual.<\/p>\n<p>&#8212;<\/p>\n<p>Fonte Rede Globo &#8220;BBB&#8221;18<\/p>\n","protected":false},"excerpt":{"rendered":"<p>&#8220;BBB&#8221;18 participantes oficiais: a d\u00e9cima oitava temporada do reality show Big Brother Brasil ser\u00e1 exibida pela Rede Globo a partir de 22 de janeiro de 2018, com t\u00e9rmino previsto para 19 de abril do mesmo ano, estreando pela terceira vez na hist\u00f3ria do programa numa segunda-feira e concluindo pela terceira vez numa quinta-feira. Confira os [&hellip;]<\/p>\n","protected":false},"author":2,"featured_media":132206,"comment_status":"open","ping_status":"closed","sticky":false,"template":"","format":"standard","meta":{"tdm_status":"","tdm_grid_status":"","footnotes":""},"categories":[520,375,343],"tags":[440],"class_list":{"0":"post-132215","1":"post","2":"type-post","3":"status-publish","4":"format-standard","5":"has-post-thumbnail","7":"category-big-brother-brasil","8":"category-rede-globo","9":"category-televisao","10":"tag-noticia-novela"},"_links":{"self":[{"href":"https:\/\/migracao.redenoticia.com.br\/noticia\/wp-json\/wp\/v2\/posts\/132215","targetHints":{"allow":["GET"]}}],"collection":[{"href":"https:\/\/migracao.redenoticia.com.br\/noticia\/wp-json\/wp\/v2\/posts"}],"about":[{"href":"https:\/\/migracao.redenoticia.com.br\/noticia\/wp-json\/wp\/v2\/types\/post"}],"author":[{"embeddable":true,"href":"https:\/\/migracao.redenoticia.com.br\/noticia\/wp-json\/wp\/v2\/users\/2"}],"replies":[{"embeddable":true,"href":"https:\/\/migracao.redenoticia.com.br\/noticia\/wp-json\/wp\/v2\/comments?post=132215"}],"version-history":[{"count":0,"href":"https:\/\/migracao.redenoticia.com.br\/noticia\/wp-json\/wp\/v2\/posts\/132215\/revisions"}],"wp:featuredmedia":[{"embeddable":true,"href":"https:\/\/migracao.redenoticia.com.br\/noticia\/wp-json\/wp\/v2\/media\/132206"}],"wp:attachment":[{"href":"https:\/\/migracao.redenoticia.com.br\/noticia\/wp-json\/wp\/v2\/media?parent=132215"}],"wp:term":[{"taxonomy":"category","embeddable":true,"href":"https:\/\/migracao.redenoticia.com.br\/noticia\/wp-json\/wp\/v2\/categories?post=132215"},{"taxonomy":"post_tag","embeddable":true,"href":"https:\/\/migracao.redenoticia.com.br\/noticia\/wp-json\/wp\/v2\/tags?post=132215"}],"curies":[{"name":"wp","href":"https:\/\/api.w.org\/{rel}","templated":true}]}}