{"id":132255,"date":"2018-01-22T13:10:13","date_gmt":"2018-01-22T15:10:13","guid":{"rendered":"https:\/\/www.redenoticia.com.br\/noticia\/?p=132255"},"modified":"2018-08-13T10:29:44","modified_gmt":"2018-08-13T13:29:44","slug":"bbb18-curiosidades-sobre-os-novos-brothers-do-programa","status":"publish","type":"post","link":"https:\/\/migracao.redenoticia.com.br\/noticia\/2018\/bbb18-curiosidades-sobre-os-novos-brothers-do-programa\/132255","title":{"rendered":"&#8220;BBB&#8221;18: curiosidades sobre os novos brothers do programa"},"content":{"rendered":"<p><img loading=\"lazy\" decoding=\"async\" src=\"https:\/\/migracao.redenoticia.com.br\/noticia\/imagens\/bbb-1-150x112.jpg\" alt=\"\" width=\"150\" height=\"112\" class=\"alignleft size-thumbnail wp-image-132206\" srcset=\"https:\/\/migracao.redenoticia.com.br\/noticia\/imagens\/bbb-1-150x112.jpg 150w, https:\/\/migracao.redenoticia.com.br\/noticia\/imagens\/bbb-1-265x198.jpg 265w\" sizes=\"auto, (max-width: 150px) 100vw, 150px\" \/><strong><em>&#8220;BBB&#8221;18<\/em><\/strong>: Confira a lista oficial dos novos participantes do &#8220;BBB&#8221;18. Um resumo com idade, profiss\u00e3o, cidade natal e v\u00e1rias curiosidades sobre os novos brothers do programa. Tiago Leifert segue no comando do programa &#8220;BBB&#8221;18 at\u00e9 a \u00faltima apresenta\u00e7\u00e3o, prevista para dia 19 de abril. Neste ano, pela primeira vez, quem quiser votar nas elimina\u00e7\u00f5es e outras enquetes do BBB deve estar cadastrado. O cadastro \u00e9 gratuito e simples.\u00a0 A nova casa foi decorada para dar &#8220;um clima de f\u00e9rias&#8221;. O espa\u00e7o foi reformulado para fazer lembrar um resort cinco estrelas. A nova piscina ganhou ares de praia. O estilo praiano est\u00e1 tamb\u00e9m no quarto do l\u00edder, agora chamado de bangal\u00f4 do l\u00edder.<\/p>\n<p> Os assinantes do Globo Play ter\u00e3o acesso a uma c\u00e2mera do confession\u00e1rio ligada 24 horas. Ela s\u00f3 n\u00e3o estar\u00e1 no ar durante alguns atendimentos m\u00e9dicos. Al\u00e9m do confession\u00e1rio, s\u00e3o outras dez c\u00e2meras. Os assinantes podem acess\u00e1-las via smart TV, pelo aplicativo. Antes, isso era poss\u00edvel via mobile ou web. Ser\u00e1 poss\u00edvel ainda ouvir as instru\u00e7\u00f5es da produ\u00e7\u00e3o aos participantes.<\/p>\n<p>Confinados:<\/p>\n<p> Ana Paula<\/p>\n<p>Estudante de jornalismo, 23 anos e natural de Santa Catarina. Esta \u00e9 Ana Paula, que diz ter um pai ET e ser uma &#8220;bruxa&#8221; : &#8220;S\u00e3o seres muito femininos&#8221;, destaca. Al\u00e9m disso, a jovem tamb\u00e9m \u00e9 muito ligada \u00e0 astrologia. Ela adora mandar nudes, mas arianos, aquarianos e piscianos, por exemplo, n\u00e3o tem chances com ela. A jovem considera a entrada na casa do Big Brother Brasil a &#8220;chance de sua vida&#8221;.<\/p>\n<p> Breno<\/p>\n<p>Diretamente de Goi\u00e2nia, o arquiteto promete causar na casa. Os amigos do rapaz, de 29 anos, sabem bem disso. Apelidado de Ad\u00e3o, Breno j\u00e1 foi encontrado nu com uma menina no jardim de uma festa. &#8220;Trato minha vida como se fosse novela: o pessoal gosta de acompanhar!&#8221;, conta o futuro brother.<\/p>\n<p> Caruso<\/p>\n<p>Vai ter representante de S\u00e3o Paulo no BBB18! Caruso \u00e9 publicit\u00e1rio e faz propaganda de si mesmo: &#8220;Voc\u00ea tem que ser um bom exemplo para as pessoas&#8221;. O &#8220;ogro do bem&#8221;, como ele mesmo diz, n\u00e3o \u00e9 de fazer m\u00e9dia com os outros. Al\u00e9m disso, ele est\u00e1 solteiro e diz ser namorador. Ser\u00e1 que vai dar match com algu\u00e9m na casa?<\/p>\n<p> Diego<\/p>\n<p>Tem paraense no BBB18! Diego \u00e9 um escritor de 31 anos, vidrado em cultura geek. Apaixonado tamb\u00e9m por games, o rapaz namora h\u00e1 sete anos, quer ser pai de quatro filhos e conta estar ansioso para conhecer seus companheiros de reality. &#8220;Com certeza vai ter um exemplar de cada esp\u00e9cie da ra\u00e7a humana e eu sou um desses exemplares&#8221;, confessa.<\/p>\n<p> Gleici<\/p>\n<p>O temperamento forte \u00e9 uma das caracter\u00edsticas dessa jovem do Acre que promete causar na casa do BBB18! Gleici \u00e9 uma estudante de psicologia de 22 anos que admite ser competitiva: \u201cAs pessoas falam que tenho um jeitinho meigo. Mas, quando quero alguma coisa, vou atr\u00e1s e luto muito. Ningu\u00e9m me vence. Eu sempre quero ganhar em uma discuss\u00e3o\u201d.<\/p>\n<p> Jaqueline<\/p>\n<p>De Rond\u00f4nia para a casa do BBB18! A biom\u00e9dica de 23 anos se define como uma geminiana t\u00edpica e promete causar durante o confinamento. &#8220;Eu n\u00e3o gosto de pessoas preconceituosas&#8221;, dispara Jaqueline que diz ser baladeira, f\u00e3 da cantora Anitta e do jogador Neymar.<\/p>\n<p> J\u00e9ssica<\/p>\n<p>Gata, personal trainer e focada! A catarinense de 26 anos garante que tem tudo o que \u00e9 preciso para se dar bem no jogo. &#8220;Muita gente quer entrar no Big Brother, mas poucas pessoas est\u00e3o prontas. Eu sou uma dessas poucas&#8221;, conta a nova sister.<\/p>\n<p> Kaysar<\/p>\n<p>S\u00edrio, o jovem de 28 anos mora no Paran\u00e1. O gar\u00e7om se define como &#8220;esp\u00edrito livre&#8221; e sonhador. &#8220;Criei um sonho de que eu estou vivendo com a minha fam\u00edlia. Tamb\u00e9m criei um outro sonho e, na minha imagina\u00e7\u00e3o, eu j\u00e1 estou l\u00e1 dentro do BBB\u201d, conta Kaysar.<\/p>\n<p> Lucas<\/p>\n<p>O empres\u00e1rio cearense de 27 anos e j\u00e1 foi modelo internacional. Noivo, Lucas mora com os pais, se diz centrado e um &#8220;cara de fam\u00edlia&#8221;. Mesmo assim, as redes sociais do rapaz bombam de pretendentes. &#8220;Tenho muito ass\u00e9dio, curtidas, coment\u00e1rios&#8230;\u201d, revela o novo brother.<\/p>\n<p> Mahmoud<\/p>\n<p>Sex\u00f3logo, Mahmoud vem de Rond\u00f4nia para o BBB18! O rapaz de 27 anos garante que n\u00e3o far\u00e1 tipo para agradar ningu\u00e9m. &#8220;N\u00e3o sou obrigado a ser uma pessoa gentil e rom\u00e2ntica toda hora&#8221;, conta o jovem que nasceu em Manaus e j\u00e1 morou no L\u00edbano. O que ser\u00e1 que o novo brother vai aprontar na casa mais vigiada do Brasil?<\/p>\n<p> Mara<\/p>\n<p>A mineira de 53 anos \u00e9 formada em Ci\u00eancias Pol\u00edticas. Mas engana-se quem pensa que ela \u00e9 s\u00e9ria 24 horas por dia. &#8220;Sou capaz de ser cientista pol\u00edtica, mas tamb\u00e9m sou capaz de me divertir.&#8221; Ariana, ela conta que n\u00e3o \u00e9 de passar despercebida: &#8220;Sou de \u00e1ries. \u00c1ries n\u00e3o s\u00e3o pessoas que chegam l\u00e1 e ficam quietinhas na piscina&#8221;, dispara.<\/p>\n<p> Nayara<\/p>\n<p>A paulista de 33 anos \u00e9 jornalista e diz n\u00e3o ter papas na l\u00edngua. &#8220;Existem regras de conviv\u00eancia que, se eu achar que foram quebradas, eu vou falar&#8221;, garante. Filha \u00fanica, Nayara conta que saiu cedo da casa dos pais e revela que tem g\u00eanio forte: &#8220;N\u00e3o sou assim t\u00e3o f\u00e1cil de lidar.&#8221;<\/p>\n<p> Patr\u00edcia<\/p>\n<p>Mais uma representante do Cear\u00e1 no BBB18! A funcion\u00e1ria p\u00fablica de 32 anos, que prefere ser chamada de Kika, \u00e9 dona de uma autoestima bastante elevada: &#8220;Quem quiser ver celulite, v\u00ea. Quem n\u00e3o quiser, feche os olhos&#8221;. Solteira, ela conta que n\u00e3o consegue um namoro est\u00e1vel por falta de um cara que a aceite como ela \u00e9.<\/p>\n<p> Paula<\/p>\n<p>Ela \u00e9 rolezeira ela! A empres\u00e1ria mineira tem uma defini\u00e7\u00e3o bastante peculiar para si mesma: &#8220;Eu sou um caos!&#8221;. Aos 29 anos, solteira h\u00e1 dois, conta que pretende se divertir com &#8220;ogros&#8221; enquanto seu par ideal n\u00e3o chega.<\/p>\n<p> Viegas<\/p>\n<p>O m\u00fasico paulista se diz confiante e focado em seu objetivo no jogo: &#8220;Minha inten\u00e7\u00e3o em entrar l\u00e1 \u00e9 fazer a diferen\u00e7a e ganhar essa parada.&#8221; Aos 33 anos, o rapaz \u00e9 morador de um conjunto habitacional da Zona Leste de S\u00e3o Paulo e \u00e9 apaixonado por m\u00fasica. &#8220;O reggae tem uma identidade muito grande na minha vida. Mas o questionamento e a poesia do rap me chamam muita aten\u00e7\u00e3o, por ser mais s\u00e9ria, mais dura&#8221;, explica.<\/p>\n<p> Wagner<\/p>\n<p>O artista visual de 35 anos se admite um galanteador. &#8220;Sempre fui muito mulherengo. Nunca fui de negar amor, n\u00e3o&#8221;, confessa. Paranaense, o rapaz se diz um cara pacato, mas n\u00e3o nega ter um outro lado: &#8220;Serei um mocinho com nuances de vil\u00e3o.&#8221;<\/p>\n<p>Fonte e imagem Rede Globo &#8220;BBB&#8221;18<\/p>\n","protected":false},"excerpt":{"rendered":"<p>&#8220;BBB&#8221;18: Confira a lista oficial dos novos participantes do &#8220;BBB&#8221;18. Um resumo com idade, profiss\u00e3o, cidade natal e v\u00e1rias curiosidades sobre os novos brothers do programa. Tiago Leifert segue no comando do programa &#8220;BBB&#8221;18 at\u00e9 a \u00faltima apresenta\u00e7\u00e3o, prevista para dia 19 de abril. Neste ano, pela primeira vez, quem quiser votar nas elimina\u00e7\u00f5es e [&hellip;]<\/p>\n","protected":false},"author":2,"featured_media":132206,"comment_status":"open","ping_status":"closed","sticky":false,"template":"","format":"standard","meta":{"tdm_status":"","tdm_grid_status":"","footnotes":""},"categories":[520,375,343],"tags":[440],"class_list":{"0":"post-132255","1":"post","2":"type-post","3":"status-publish","4":"format-standard","5":"has-post-thumbnail","7":"category-big-brother-brasil","8":"category-rede-globo","9":"category-televisao","10":"tag-noticia-novela"},"_links":{"self":[{"href":"https:\/\/migracao.redenoticia.com.br\/noticia\/wp-json\/wp\/v2\/posts\/132255","targetHints":{"allow":["GET"]}}],"collection":[{"href":"https:\/\/migracao.redenoticia.com.br\/noticia\/wp-json\/wp\/v2\/posts"}],"about":[{"href":"https:\/\/migracao.redenoticia.com.br\/noticia\/wp-json\/wp\/v2\/types\/post"}],"author":[{"embeddable":true,"href":"https:\/\/migracao.redenoticia.com.br\/noticia\/wp-json\/wp\/v2\/users\/2"}],"replies":[{"embeddable":true,"href":"https:\/\/migracao.redenoticia.com.br\/noticia\/wp-json\/wp\/v2\/comments?post=132255"}],"version-history":[{"count":0,"href":"https:\/\/migracao.redenoticia.com.br\/noticia\/wp-json\/wp\/v2\/posts\/132255\/revisions"}],"wp:featuredmedia":[{"embeddable":true,"href":"https:\/\/migracao.redenoticia.com.br\/noticia\/wp-json\/wp\/v2\/media\/132206"}],"wp:attachment":[{"href":"https:\/\/migracao.redenoticia.com.br\/noticia\/wp-json\/wp\/v2\/media?parent=132255"}],"wp:term":[{"taxonomy":"category","embeddable":true,"href":"https:\/\/migracao.redenoticia.com.br\/noticia\/wp-json\/wp\/v2\/categories?post=132255"},{"taxonomy":"post_tag","embeddable":true,"href":"https:\/\/migracao.redenoticia.com.br\/noticia\/wp-json\/wp\/v2\/tags?post=132255"}],"curies":[{"name":"wp","href":"https:\/\/api.w.org\/{rel}","templated":true}]}}