{"id":132319,"date":"2018-01-23T00:05:04","date_gmt":"2018-01-23T02:05:04","guid":{"rendered":"https:\/\/www.redenoticia.com.br\/noticia\/?p=132319"},"modified":"2018-01-22T17:31:57","modified_gmt":"2018-01-22T19:31:57","slug":"abertas-as-inscricoes-para-os-cursos-hemoterapia-aplicada-e-medicina-transfusional","status":"publish","type":"post","link":"https:\/\/migracao.redenoticia.com.br\/noticia\/2018\/abertas-as-inscricoes-para-os-cursos-hemoterapia-aplicada-e-medicina-transfusional\/132319","title":{"rendered":"Abertas as inscri\u00e7\u00f5es para os cursos Hemoterapia Aplicada e Medicina Transfusional"},"content":{"rendered":"<p> Ag\u00eancia FAPESP\u00a0\u2013 O Hemocentro de Ribeir\u00e3o Preto oferecer\u00e1, a partir de fevereiro, os <strong><em>cursos Hemoterapia Aplicada e Medicina Transfusional<\/em><\/strong>. As aulas s\u00e3o mensais, sempre \u00e0s 12h30, com uma hora de dura\u00e7\u00e3o. O curso de Hemoterapia Aplicada, oferecido desde 2007, aborda temas de hemoterapia, predominantemente aqueles mais aplicados \u00e0 pr\u00e1tica. Ele se destina a m\u00e9dicos hemoterapeutas ou m\u00e9dicos que trabalhem com hemoterapia, farmac\u00eauticos, biom\u00e9dicos, bi\u00f3logos, enfermeiros e assistentes sociais que trabalhem na \u00e1rea. As aulas come\u00e7ar\u00e3o em 21 de fevereiro e terminar\u00e3o em 12 de dezembro de 2018.<\/p>\n<p>J\u00e1 o curso de Medicina Transfusional, criado em 2004, engloba temas b\u00e1sicos e avan\u00e7ados de hemoterapia e \u00e9 destinado a m\u00e9dicos de todas as especialidades com a finalidade de fornecer conhecimentos espec\u00edficos e atuais em Medicina Transfusional.<\/p>\n<p>As disciplinas s\u00e3o destinadas a m\u00e9dicos hemoterapeutas, farmac\u00eauticos, biom\u00e9dicos, bi\u00f3logos, enfermeiros, assistentes sociais e alunos de gradua\u00e7\u00e3o e p\u00f3s-gradua\u00e7\u00e3o. As aulas v\u00e3o de 22 de fevereiro a 13 de dezembro.<\/p>\n<p>Para ambos os cursos ser\u00e1 fornecido certificado aos participantes que comparecerem a 70% do total das aulas, ou seja, presen\u00e7a em pelo menos oito aulas. Ao todo, s\u00e3o 150 vagas dispon\u00edveis para cada modalidade.<\/p>\n<p>Os interessados devem se inscrever at\u00e9 dia 31 de janeiro, pelo site dos cursos de\u00a0\u00a0e de\u00a0.<\/p>\n<p>O endere\u00e7o do Hemocentro de Ribeir\u00e3o Preto \u00e9 rua Prof. H\u00e9lio Louren\u00e7o, Campus da USP, Ribeir\u00e3o Preto, SP.<\/p>\n<p>Mais informa\u00e7\u00f5es:\u00a0\u00a0e\u00a0.<\/p>\n","protected":false},"excerpt":{"rendered":"<p>Ag\u00eancia FAPESP\u00a0\u2013 O Hemocentro de Ribeir\u00e3o Preto oferecer\u00e1, a partir de fevereiro, os cursos Hemoterapia Aplicada e Medicina Transfusional. As aulas s\u00e3o mensais, sempre \u00e0s 12h30, com uma hora de dura\u00e7\u00e3o. O curso de Hemoterapia Aplicada, oferecido desde 2007, aborda temas de hemoterapia, predominantemente aqueles mais aplicados \u00e0 pr\u00e1tica. Ele se destina a m\u00e9dicos hemoterapeutas [&hellip;]<\/p>\n","protected":false},"author":2,"featured_media":37376,"comment_status":"open","ping_status":"closed","sticky":false,"template":"","format":"standard","meta":{"tdm_status":"","tdm_grid_status":"","footnotes":""},"categories":[22,351,370],"tags":[],"class_list":{"0":"post-132319","1":"post","2":"type-post","3":"status-publish","4":"format-standard","5":"has-post-thumbnail","7":"category-brasil","8":"category-cursos","9":"category-inscricao"},"_links":{"self":[{"href":"https:\/\/migracao.redenoticia.com.br\/noticia\/wp-json\/wp\/v2\/posts\/132319","targetHints":{"allow":["GET"]}}],"collection":[{"href":"https:\/\/migracao.redenoticia.com.br\/noticia\/wp-json\/wp\/v2\/posts"}],"about":[{"href":"https:\/\/migracao.redenoticia.com.br\/noticia\/wp-json\/wp\/v2\/types\/post"}],"author":[{"embeddable":true,"href":"https:\/\/migracao.redenoticia.com.br\/noticia\/wp-json\/wp\/v2\/users\/2"}],"replies":[{"embeddable":true,"href":"https:\/\/migracao.redenoticia.com.br\/noticia\/wp-json\/wp\/v2\/comments?post=132319"}],"version-history":[{"count":0,"href":"https:\/\/migracao.redenoticia.com.br\/noticia\/wp-json\/wp\/v2\/posts\/132319\/revisions"}],"wp:featuredmedia":[{"embeddable":true,"href":"https:\/\/migracao.redenoticia.com.br\/noticia\/wp-json\/wp\/v2\/media\/37376"}],"wp:attachment":[{"href":"https:\/\/migracao.redenoticia.com.br\/noticia\/wp-json\/wp\/v2\/media?parent=132319"}],"wp:term":[{"taxonomy":"category","embeddable":true,"href":"https:\/\/migracao.redenoticia.com.br\/noticia\/wp-json\/wp\/v2\/categories?post=132319"},{"taxonomy":"post_tag","embeddable":true,"href":"https:\/\/migracao.redenoticia.com.br\/noticia\/wp-json\/wp\/v2\/tags?post=132319"}],"curies":[{"name":"wp","href":"https:\/\/api.w.org\/{rel}","templated":true}]}}