{"id":132322,"date":"2018-01-23T00:06:08","date_gmt":"2018-01-23T02:06:08","guid":{"rendered":"https:\/\/www.redenoticia.com.br\/noticia\/?p=132322"},"modified":"2018-01-22T17:32:05","modified_gmt":"2018-01-22T19:32:05","slug":"mestrado-profissional-de-sociologia-em-rede-nacional-abre-processo-de-selecao","status":"publish","type":"post","link":"https:\/\/migracao.redenoticia.com.br\/noticia\/2018\/mestrado-profissional-de-sociologia-em-rede-nacional-abre-processo-de-selecao\/132322","title":{"rendered":"Mestrado Profissional de Sociologia em Rede Nacional abre processo de sele\u00e7\u00e3o"},"content":{"rendered":"<p> Ag\u00eancia FAPESP\u00a0\u2013 O <strong><em>Mestrado Profissional de Sociologia em Rede Nacional<\/em><\/strong> (ProfSocio) est\u00e1 com concurso aberto para 192 vagas. As inscri\u00e7\u00f5es podem ser feitas at\u00e9 dia 30 de janeiro de 2018. O ProfSocio tem o objetivo de propiciar um espa\u00e7o de forma\u00e7\u00e3o continuada para os professores de Sociologia que atuam na Educa\u00e7\u00e3o B\u00e1sica, ou \u00e0queles que desejam atuar nesta \u00e1rea, inseridos em uma rede nacional de produ\u00e7\u00e3o de metodologias de ensino e de pesquisa acerca das Ci\u00eancias Sociais e Educa\u00e7\u00e3o.<\/p>\n<p>O curso \u00e9 oferecido gratuitamente, em n\u00edvel de p\u00f3s-gradua\u00e7\u00e3o\u00a0stricto sensu. As aulas v\u00e3o ser ministradas de segunda-feira a s\u00e1bado, em per\u00edodos determinados segundo o calend\u00e1rio de cada uma das institui\u00e7\u00f5es associadas.<\/p>\n<p>O ProfSocio \u00e9 ofertado conjuntamente pela Funda\u00e7\u00e3o Joaquim Nabuco, pela Universidade Estadual Paulista (Unesp), Universidade Estadual de Londrina, Universidade Estadual do Vale do Acara\u00fa e pelas universidades federais do Cear\u00e1, de Campina Grande, do Paran\u00e1 e do Vale do S\u00e3o Francisco. Os interessados devem se inscrever por formul\u00e1rio, dispon\u00edvel em\u00a0.<\/p>\n<p>Mais informa\u00e7\u00f5es:\u00a0.<\/p>\n","protected":false},"excerpt":{"rendered":"<p>Ag\u00eancia FAPESP\u00a0\u2013 O Mestrado Profissional de Sociologia em Rede Nacional (ProfSocio) est\u00e1 com concurso aberto para 192 vagas. As inscri\u00e7\u00f5es podem ser feitas at\u00e9 dia 30 de janeiro de 2018. O ProfSocio tem o objetivo de propiciar um espa\u00e7o de forma\u00e7\u00e3o continuada para os professores de Sociologia que atuam na Educa\u00e7\u00e3o B\u00e1sica, ou \u00e0queles que [&hellip;]<\/p>\n","protected":false},"author":2,"featured_media":35036,"comment_status":"open","ping_status":"closed","sticky":false,"template":"","format":"standard","meta":{"tdm_status":"","tdm_grid_status":"","footnotes":""},"categories":[22,351,370],"tags":[],"class_list":{"0":"post-132322","1":"post","2":"type-post","3":"status-publish","4":"format-standard","5":"has-post-thumbnail","7":"category-brasil","8":"category-cursos","9":"category-inscricao"},"_links":{"self":[{"href":"https:\/\/migracao.redenoticia.com.br\/noticia\/wp-json\/wp\/v2\/posts\/132322","targetHints":{"allow":["GET"]}}],"collection":[{"href":"https:\/\/migracao.redenoticia.com.br\/noticia\/wp-json\/wp\/v2\/posts"}],"about":[{"href":"https:\/\/migracao.redenoticia.com.br\/noticia\/wp-json\/wp\/v2\/types\/post"}],"author":[{"embeddable":true,"href":"https:\/\/migracao.redenoticia.com.br\/noticia\/wp-json\/wp\/v2\/users\/2"}],"replies":[{"embeddable":true,"href":"https:\/\/migracao.redenoticia.com.br\/noticia\/wp-json\/wp\/v2\/comments?post=132322"}],"version-history":[{"count":0,"href":"https:\/\/migracao.redenoticia.com.br\/noticia\/wp-json\/wp\/v2\/posts\/132322\/revisions"}],"wp:featuredmedia":[{"embeddable":true,"href":"https:\/\/migracao.redenoticia.com.br\/noticia\/wp-json\/wp\/v2\/media\/35036"}],"wp:attachment":[{"href":"https:\/\/migracao.redenoticia.com.br\/noticia\/wp-json\/wp\/v2\/media?parent=132322"}],"wp:term":[{"taxonomy":"category","embeddable":true,"href":"https:\/\/migracao.redenoticia.com.br\/noticia\/wp-json\/wp\/v2\/categories?post=132322"},{"taxonomy":"post_tag","embeddable":true,"href":"https:\/\/migracao.redenoticia.com.br\/noticia\/wp-json\/wp\/v2\/tags?post=132322"}],"curies":[{"name":"wp","href":"https:\/\/api.w.org\/{rel}","templated":true}]}}