{"id":132405,"date":"2018-01-24T00:05:57","date_gmt":"2018-01-24T02:05:57","guid":{"rendered":"https:\/\/www.redenoticia.com.br\/noticia\/?p=132405"},"modified":"2018-01-23T18:53:02","modified_gmt":"2018-01-23T20:53:02","slug":"curso-internacional-de-vacinologia-tem-bolsas-para-brasileiros","status":"publish","type":"post","link":"https:\/\/migracao.redenoticia.com.br\/noticia\/2018\/curso-internacional-de-vacinologia-tem-bolsas-para-brasileiros\/132405","title":{"rendered":"Curso Internacional de Vacinologia tem bolsas para brasileiros"},"content":{"rendered":"<p> Ag\u00eancia FAPESP\u00a0\u2013 As inscri\u00e7\u00f5es para o <strong><em>Curso Internacional de Vacinologia<\/em><\/strong> est\u00e3o abertas at\u00e9 31 de janeiro de 2018. O curso faz parte do programa europeu Leading International Vaccinology Education (LIVE), da Erasmus +, e dedica algumas bolsas para brasileiros.<\/p>\n<p>Os alunos far\u00e3o cursos de forma\u00e7\u00e3o em tr\u00eas pa\u00edses: Espanha (Barcelona), B\u00e9lgica (Antu\u00e9rpia) e Fran\u00e7a (Lyon).<\/p>\n<p>O \u00faltimo semestre \u00e9 dedicado a um est\u00e1gio, que poder\u00e1 ser realizado em uma das 40 universidades, institui\u00e7\u00f5es de pesquisa ou ind\u00fastrias farmac\u00eauticas (na Europa, \u00c1frica, \u00c1sia ou Am\u00e9rica Latina) que participam do programa. As institui\u00e7\u00f5es brasileiras que fazem parte s\u00e3o a USP e o Instituto Butantan.<\/p>\n<p>O LIVE \u00e9 um programa de dois anos para estudantes talentosos interessados em estudos multidisciplinares em Vacinologia. O programa \u00e9 um projeto conjunto entre cinco universidades europeias e conta com uma rede de colaboradores de 13 universidades, do Brasil, China, Europa e Estados Unidos.<\/p>\n<p>O processo de sele\u00e7\u00e3o inclui uma prova on-line e an\u00e1lise do curr\u00edculo ou hist\u00f3rico escolar. Profici\u00eancia em ingl\u00eas e conhecimentos na \u00e1rea ser\u00e3o avaliados por meio de uma entrevista via Skype. Inscri\u00e7\u00f5es pelo\u00a0.<\/p>\n<p>Mais informa\u00e7\u00f5es:\u00a0.<\/p>\n","protected":false},"excerpt":{"rendered":"<p>Ag\u00eancia FAPESP\u00a0\u2013 As inscri\u00e7\u00f5es para o Curso Internacional de Vacinologia est\u00e3o abertas at\u00e9 31 de janeiro de 2018. O curso faz parte do programa europeu Leading International Vaccinology Education (LIVE), da Erasmus +, e dedica algumas bolsas para brasileiros. Os alunos far\u00e3o cursos de forma\u00e7\u00e3o em tr\u00eas pa\u00edses: Espanha (Barcelona), B\u00e9lgica (Antu\u00e9rpia) e Fran\u00e7a (Lyon). [&hellip;]<\/p>\n","protected":false},"author":2,"featured_media":28951,"comment_status":"open","ping_status":"closed","sticky":false,"template":"","format":"standard","meta":{"tdm_status":"","tdm_grid_status":"","footnotes":""},"categories":[22,351,370],"tags":[],"class_list":{"0":"post-132405","1":"post","2":"type-post","3":"status-publish","4":"format-standard","5":"has-post-thumbnail","7":"category-brasil","8":"category-cursos","9":"category-inscricao"},"_links":{"self":[{"href":"https:\/\/migracao.redenoticia.com.br\/noticia\/wp-json\/wp\/v2\/posts\/132405","targetHints":{"allow":["GET"]}}],"collection":[{"href":"https:\/\/migracao.redenoticia.com.br\/noticia\/wp-json\/wp\/v2\/posts"}],"about":[{"href":"https:\/\/migracao.redenoticia.com.br\/noticia\/wp-json\/wp\/v2\/types\/post"}],"author":[{"embeddable":true,"href":"https:\/\/migracao.redenoticia.com.br\/noticia\/wp-json\/wp\/v2\/users\/2"}],"replies":[{"embeddable":true,"href":"https:\/\/migracao.redenoticia.com.br\/noticia\/wp-json\/wp\/v2\/comments?post=132405"}],"version-history":[{"count":0,"href":"https:\/\/migracao.redenoticia.com.br\/noticia\/wp-json\/wp\/v2\/posts\/132405\/revisions"}],"wp:featuredmedia":[{"embeddable":true,"href":"https:\/\/migracao.redenoticia.com.br\/noticia\/wp-json\/wp\/v2\/media\/28951"}],"wp:attachment":[{"href":"https:\/\/migracao.redenoticia.com.br\/noticia\/wp-json\/wp\/v2\/media?parent=132405"}],"wp:term":[{"taxonomy":"category","embeddable":true,"href":"https:\/\/migracao.redenoticia.com.br\/noticia\/wp-json\/wp\/v2\/categories?post=132405"},{"taxonomy":"post_tag","embeddable":true,"href":"https:\/\/migracao.redenoticia.com.br\/noticia\/wp-json\/wp\/v2\/tags?post=132405"}],"curies":[{"name":"wp","href":"https:\/\/api.w.org\/{rel}","templated":true}]}}