{"id":132412,"date":"2018-01-24T00:09:11","date_gmt":"2018-01-24T02:09:11","guid":{"rendered":"https:\/\/www.redenoticia.com.br\/noticia\/?p=132412"},"modified":"2018-01-23T19:02:08","modified_gmt":"2018-01-23T21:02:08","slug":"febre-amarela-jardim-botanico-zoologico-e-o-zoo-safari-sao-fechados","status":"publish","type":"post","link":"https:\/\/migracao.redenoticia.com.br\/noticia\/2018\/febre-amarela-jardim-botanico-zoologico-e-o-zoo-safari-sao-fechados\/132412","title":{"rendered":"Febre amarela: Jardim Bot\u00e2nico, Zool\u00f3gico e o Zoo Saf\u00e1ri s\u00e3o fechados"},"content":{"rendered":"<p> O Jardim Bot\u00e2nico de S\u00e3o Paulo, o Zool\u00f3gico de S\u00e3o Paulo e o Zoo Saf\u00e1ri est\u00e3o fechados por determina\u00e7\u00e3o das secretarias da e do Meio Ambiente, em raz\u00e3o da descoberta de macacos bugios mortos pela <strong><em>Febre Amarela<\/em><\/strong>. Diante da situa\u00e7\u00e3o, est\u00e3o suspensos o acesso a visitantes a esses locais. A Funda\u00e7\u00e3o Parque Zool\u00f3gico de S\u00e3o Paulo intensificou nos \u00faltimos o monitoramento das esp\u00e9cies nativas que ocorrem no PEFI (Parque Estadual das Fontes do Ipiranga), especialmente dos grupos de macacos-bugios, coordenando as a\u00e7\u00f5es que contam com a parceria de outras institui\u00e7\u00f5es localizadas no Parque (Instituto de Bot\u00e2nica e Parque Cientec).<\/p>\n<p>Por meio da busca ativa, semanalmente, nossos profissionais percorrem trilhas em \u00e1reas de ocorr\u00eancia de macaco-bugio para inspecionar as popula\u00e7\u00f5es que circulam nestes pontos. No dia 10 de janeiro de 2018, durante as rondas no parque, um dos t\u00e9cnicos encontrou um macaco-bugio de vida livre nas depend\u00eancias do Zool\u00f3gico em \u00f3bito.<\/p>\n<p>O animal foi recolhido e amostras foram encaminhadas para an\u00e1lise do Instituto Adolfo Lutz. Nesta segunda-feira (22) foi confirmado o resultado positivo para a febre-amarela do animal encontrado. Como medida de preven\u00e7\u00e3o contra a febre-amarela, o procedimento adotado \u00e9 a suspens\u00e3o das atividades de visita\u00e7\u00e3o do Zool\u00f3gico de S\u00e3o Paulo, do Zoo Saf\u00e1ri e tamb\u00e9m do Jardim Bot\u00e2nico de S\u00e3o Paulo.<\/p>\n<p>O Zool\u00f3gico e o Zoo Saf\u00e1ri informam que atividades internas permanecer\u00e3o dentro da normalidade. A equipe t\u00e9cnica continuar\u00e1 a fazer o monitoramento dos animais do PEFI e alguns recintos receber\u00e3o tela de prote\u00e7\u00e3o nos pr\u00f3ximos dias como a\u00e7\u00e3o preventiva contra a doen\u00e7a.<\/p>\n<p>Do Portal do Governo SP<\/p>\n","protected":false},"excerpt":{"rendered":"<p>O Jardim Bot\u00e2nico de S\u00e3o Paulo, o Zool\u00f3gico de S\u00e3o Paulo e o Zoo Saf\u00e1ri est\u00e3o fechados por determina\u00e7\u00e3o das secretarias da e do Meio Ambiente, em raz\u00e3o da descoberta de macacos bugios mortos pela Febre Amarela. Diante da situa\u00e7\u00e3o, est\u00e3o suspensos o acesso a visitantes a esses locais. A Funda\u00e7\u00e3o Parque Zool\u00f3gico de S\u00e3o [&hellip;]<\/p>\n","protected":false},"author":2,"featured_media":37377,"comment_status":"open","ping_status":"closed","sticky":false,"template":"","format":"standard","meta":{"tdm_status":"","tdm_grid_status":"","footnotes":""},"categories":[22,5],"tags":[],"class_list":{"0":"post-132412","1":"post","2":"type-post","3":"status-publish","4":"format-standard","5":"has-post-thumbnail","7":"category-brasil","8":"category-saude-e-vida"},"_links":{"self":[{"href":"https:\/\/migracao.redenoticia.com.br\/noticia\/wp-json\/wp\/v2\/posts\/132412","targetHints":{"allow":["GET"]}}],"collection":[{"href":"https:\/\/migracao.redenoticia.com.br\/noticia\/wp-json\/wp\/v2\/posts"}],"about":[{"href":"https:\/\/migracao.redenoticia.com.br\/noticia\/wp-json\/wp\/v2\/types\/post"}],"author":[{"embeddable":true,"href":"https:\/\/migracao.redenoticia.com.br\/noticia\/wp-json\/wp\/v2\/users\/2"}],"replies":[{"embeddable":true,"href":"https:\/\/migracao.redenoticia.com.br\/noticia\/wp-json\/wp\/v2\/comments?post=132412"}],"version-history":[{"count":0,"href":"https:\/\/migracao.redenoticia.com.br\/noticia\/wp-json\/wp\/v2\/posts\/132412\/revisions"}],"wp:featuredmedia":[{"embeddable":true,"href":"https:\/\/migracao.redenoticia.com.br\/noticia\/wp-json\/wp\/v2\/media\/37377"}],"wp:attachment":[{"href":"https:\/\/migracao.redenoticia.com.br\/noticia\/wp-json\/wp\/v2\/media?parent=132412"}],"wp:term":[{"taxonomy":"category","embeddable":true,"href":"https:\/\/migracao.redenoticia.com.br\/noticia\/wp-json\/wp\/v2\/categories?post=132412"},{"taxonomy":"post_tag","embeddable":true,"href":"https:\/\/migracao.redenoticia.com.br\/noticia\/wp-json\/wp\/v2\/tags?post=132412"}],"curies":[{"name":"wp","href":"https:\/\/api.w.org\/{rel}","templated":true}]}}