{"id":132419,"date":"2018-01-24T00:10:15","date_gmt":"2018-01-24T02:10:15","guid":{"rendered":"https:\/\/www.redenoticia.com.br\/noticia\/?p=132419"},"modified":"2018-01-23T19:01:43","modified_gmt":"2018-01-23T21:01:43","slug":"oms-vem-ao-brasil-para-acompanhar-fracionamento-da-vacina-contra-febre-amarela","status":"publish","type":"post","link":"https:\/\/migracao.redenoticia.com.br\/noticia\/2018\/oms-vem-ao-brasil-para-acompanhar-fracionamento-da-vacina-contra-febre-amarela\/132419","title":{"rendered":"OMS vem ao Brasil para acompanhar fracionamento da vacina contra febre amarela"},"content":{"rendered":"<p> T\u00e9cnicos da Organiza\u00e7\u00e3o Mundial da Sa\u00fade (OMS) chegam ao Brasil na pr\u00f3xima segunda-feira (29) para acompanhar o fracionamento da <strong><em>vacina contra a febre amarela<\/em><\/strong>. A informa\u00e7\u00e3o foi divulgada pelo Minist\u00e9rio da Sa\u00fade, que tem se reunido semanalmente com o \u00f3rg\u00e3o das Na\u00e7\u00f5es Unidas para tratar do surto da doen\u00e7a no pa\u00eds.<\/p>\n<p>De acordo com a pasta, a previs\u00e3o \u00e9 que os agentes internacionais desembarquem em S\u00e3o Paulo e acompanhem no pr\u00f3prio estado o fracionamento da vacina. Al\u00e9m de S\u00e3o Paulo, o Rio de Janeiro tamb\u00e9m inicia nesta quinta-feira (25), a imuniza\u00e7\u00e3o de munic\u00edpios pr\u00e9-selecionados contra a febre amarela.<\/p>\n<p>Em S\u00e3o Paulo, 54 munic\u00edpios participam da campanha, com previs\u00e3o de vacinar 8,3 milh\u00f5es de pessoas, sendo 6,3 milh\u00f5es com a dose fracionada e 2 milh\u00f5es com a padr\u00e3o. J\u00e1 no Rio de Janeiro, 7,7 milh\u00f5es de pessoas dever\u00e3o receber a dose fracionada e 2,4 milh\u00f5es a padr\u00e3o, em 15 munic\u00edpios.<\/p>\n<p>At\u00e9 o momento, a campanha de vacina\u00e7\u00e3o no estado da Bahia permanece na data prevista (entre 19 de fevereiro e 9 de mar\u00e7o). Na Bahia, 2,5 milh\u00f5es de pessoas ser\u00e3o vacinadas com a dose fracionada e 813 mil com a dose padr\u00e3o em oito munic\u00edpios.<\/p>\n<p>O objetivo da campanha, segundo o minist\u00e9rio, \u00e9 evitar a expans\u00e3o do v\u00edrus para \u00e1reas pr\u00f3ximas de onde h\u00e1 circula\u00e7\u00e3o atualmente. No total, 21,7 milh\u00f5es de pessoas destes munic\u00edpios dever\u00e3o ser vacinadas durante a campanha, sendo 16,5 milh\u00f5es com a dose fracionada e outras 5,2 milh\u00f5es com a dose padr\u00e3o.<\/p>\n<p>\u201cA ado\u00e7\u00e3o do fracionamento das vacinas \u00e9 uma medida preventiva e recomendada pela Organiza\u00e7\u00e3o Mundial de Sa\u00fade (OMS) quando h\u00e1 aumento de epizootias e casos de febre amarela silvestre de forma intensa, com risco de expans\u00e3o da doen\u00e7a em cidades com elevado \u00edndice populacional\u201d, informou a pasta.<\/p>\n<p> Paula Laboissi\u00e8re \u2013 Rep\u00f3rter da Ag\u00eancia Brasil<br \/>\nEdi\u00e7\u00e3o: Maria Claudia<br \/>\n24\/01\/2018<\/p>\n","protected":false},"excerpt":{"rendered":"<p>T\u00e9cnicos da Organiza\u00e7\u00e3o Mundial da Sa\u00fade (OMS) chegam ao Brasil na pr\u00f3xima segunda-feira (29) para acompanhar o fracionamento da vacina contra a febre amarela. A informa\u00e7\u00e3o foi divulgada pelo Minist\u00e9rio da Sa\u00fade, que tem se reunido semanalmente com o \u00f3rg\u00e3o das Na\u00e7\u00f5es Unidas para tratar do surto da doen\u00e7a no pa\u00eds. De acordo com a [&hellip;]<\/p>\n","protected":false},"author":2,"featured_media":34747,"comment_status":"open","ping_status":"closed","sticky":false,"template":"","format":"standard","meta":{"tdm_status":"","tdm_grid_status":"","footnotes":""},"categories":[22,5],"tags":[],"class_list":{"0":"post-132419","1":"post","2":"type-post","3":"status-publish","4":"format-standard","5":"has-post-thumbnail","7":"category-brasil","8":"category-saude-e-vida"},"_links":{"self":[{"href":"https:\/\/migracao.redenoticia.com.br\/noticia\/wp-json\/wp\/v2\/posts\/132419","targetHints":{"allow":["GET"]}}],"collection":[{"href":"https:\/\/migracao.redenoticia.com.br\/noticia\/wp-json\/wp\/v2\/posts"}],"about":[{"href":"https:\/\/migracao.redenoticia.com.br\/noticia\/wp-json\/wp\/v2\/types\/post"}],"author":[{"embeddable":true,"href":"https:\/\/migracao.redenoticia.com.br\/noticia\/wp-json\/wp\/v2\/users\/2"}],"replies":[{"embeddable":true,"href":"https:\/\/migracao.redenoticia.com.br\/noticia\/wp-json\/wp\/v2\/comments?post=132419"}],"version-history":[{"count":0,"href":"https:\/\/migracao.redenoticia.com.br\/noticia\/wp-json\/wp\/v2\/posts\/132419\/revisions"}],"wp:featuredmedia":[{"embeddable":true,"href":"https:\/\/migracao.redenoticia.com.br\/noticia\/wp-json\/wp\/v2\/media\/34747"}],"wp:attachment":[{"href":"https:\/\/migracao.redenoticia.com.br\/noticia\/wp-json\/wp\/v2\/media?parent=132419"}],"wp:term":[{"taxonomy":"category","embeddable":true,"href":"https:\/\/migracao.redenoticia.com.br\/noticia\/wp-json\/wp\/v2\/categories?post=132419"},{"taxonomy":"post_tag","embeddable":true,"href":"https:\/\/migracao.redenoticia.com.br\/noticia\/wp-json\/wp\/v2\/tags?post=132419"}],"curies":[{"name":"wp","href":"https:\/\/api.w.org\/{rel}","templated":true}]}}