{"id":133064,"date":"2018-01-31T00:04:27","date_gmt":"2018-01-31T02:04:27","guid":{"rendered":"https:\/\/www.redenoticia.com.br\/noticia\/?p=133064"},"modified":"2018-01-30T23:33:24","modified_gmt":"2018-01-31T01:33:24","slug":"poli-integra-abre-inscricoes-para-cursos-de-especializacao-e-mba","status":"publish","type":"post","link":"https:\/\/migracao.redenoticia.com.br\/noticia\/2018\/poli-integra-abre-inscricoes-para-cursos-de-especializacao-e-mba\/133064","title":{"rendered":"Poli-Integra abre inscri\u00e7\u00f5es para cursos de especializa\u00e7\u00e3o e MBA"},"content":{"rendered":"<p> Ag\u00eancia FAPESP\u00a0\u2013 O programa <strong><em>Poli-Integra est\u00e1 com inscri\u00e7\u00f5es abertas<\/em><\/strong> para os cursos de: Especializa\u00e7\u00e3o em Tecnologia e Gest\u00e3o na Produ\u00e7\u00e3o de Edif\u00edcios; Especializa\u00e7\u00e3o em Gest\u00e3o de Projetos na Constru\u00e7\u00e3o; MBA Real Estate \u2013 Economia Setorial e Mercado; e MBA Gerenciamento de Facilidades.<\/p>\n<p>O Poli-Integra \u00e9 um dos programas de cursos de extens\u00e3o da Escola Polit\u00e9cnica (Poli) da USP.<\/p>\n<p>O Curso de Especializa\u00e7\u00e3o em Tecnologia e Gest\u00e3o na Produ\u00e7\u00e3o de Edif\u00edcios prepara profissionais que atuam na \u00e1rea de constru\u00e7\u00e3o de edif\u00edcios para a escolha e implanta\u00e7\u00e3o de tecnologias voltadas ao planejamento, organiza\u00e7\u00e3o e produ\u00e7\u00e3o de edif\u00edcios. As aulas, coordenadas pela professora\u00a0, ser\u00e3o de segundas e quartas, das 19h30 \u00e0s 22h30, e come\u00e7ar\u00e3o no dia 5 de mar\u00e7o.\u00a0\u00a0est\u00e3o abertas at\u00e9 16 de fevereiro.<\/p>\n<p>Coordenada pelo professor\u00a0, a Especializa\u00e7\u00e3o em Gest\u00e3o de Projetos na Constru\u00e7\u00e3o \u00e9 voltada a novas tend\u00eancias na constru\u00e7\u00e3o civil e adota um modelo de ensino-aprendizagem que privilegia a integra\u00e7\u00e3o institucional e de mercado, envolvendo professores de diversas \u00e1reas e a participa\u00e7\u00e3o de profissionais convidados. As aulas est\u00e3o previstas para iniciar em abril e ser\u00e3o programadas em blocos quinzenais, de tr\u00eas dias, \u00e0s sextas das 18h45 \u00e0s 22h45, s\u00e1bado das 8h30 \u00e0s 12h30 e segundas das 18h45 \u00e0s 22h45. As\u00a0\u00a0devem ser feitas at\u00e9 dia 20 de mar\u00e7o.<\/p>\n<p>O MBA em Gerenciamento de Facilidades \u00e9 focado na integra\u00e7\u00e3o de patrim\u00f4nio, pessoas, processos e tecnologias para dar qualidade ao ambiente constru\u00eddo e aos neg\u00f3cios. As aulas, a partir de 19 de fevereiro, ser\u00e3o \u00e0s segundas e ter\u00e7as, das 19h30 \u00e0s 22h30. O prazo de\u00a0\u00a0termina em 15 de fevereiro.<\/p>\n<p>O MBA em Real Estate \u2013 Economia Setorial e Mercados oferece uma \u201cvis\u00e3o clara das complexidades do setor imobili\u00e1rio, de suas defici\u00eancias estruturais e das caracter\u00edsticas dos riscos dos neg\u00f3cios, seus meios de mitiga\u00e7\u00e3o e procedimentos avan\u00e7ados de planejamento e an\u00e1lise para suporte \u00e0 decis\u00e3o\u201d. As aulas ter\u00e3o in\u00edcio no dia 19 de fevereiro. Os interessados no curso devem se\u00a0\u00a0at\u00e9 31 de janeiro.<\/p>\n<p>Mais informa\u00e7\u00f5es:\u00a0.<\/p>\n","protected":false},"excerpt":{"rendered":"<p>Ag\u00eancia FAPESP\u00a0\u2013 O programa Poli-Integra est\u00e1 com inscri\u00e7\u00f5es abertas para os cursos de: Especializa\u00e7\u00e3o em Tecnologia e Gest\u00e3o na Produ\u00e7\u00e3o de Edif\u00edcios; Especializa\u00e7\u00e3o em Gest\u00e3o de Projetos na Constru\u00e7\u00e3o; MBA Real Estate \u2013 Economia Setorial e Mercado; e MBA Gerenciamento de Facilidades. O Poli-Integra \u00e9 um dos programas de cursos de extens\u00e3o da Escola Polit\u00e9cnica [&hellip;]<\/p>\n","protected":false},"author":2,"featured_media":36246,"comment_status":"open","ping_status":"closed","sticky":false,"template":"","format":"standard","meta":{"tdm_status":"","tdm_grid_status":"","footnotes":""},"categories":[22,351,370],"tags":[],"class_list":{"0":"post-133064","1":"post","2":"type-post","3":"status-publish","4":"format-standard","5":"has-post-thumbnail","7":"category-brasil","8":"category-cursos","9":"category-inscricao"},"_links":{"self":[{"href":"https:\/\/migracao.redenoticia.com.br\/noticia\/wp-json\/wp\/v2\/posts\/133064","targetHints":{"allow":["GET"]}}],"collection":[{"href":"https:\/\/migracao.redenoticia.com.br\/noticia\/wp-json\/wp\/v2\/posts"}],"about":[{"href":"https:\/\/migracao.redenoticia.com.br\/noticia\/wp-json\/wp\/v2\/types\/post"}],"author":[{"embeddable":true,"href":"https:\/\/migracao.redenoticia.com.br\/noticia\/wp-json\/wp\/v2\/users\/2"}],"replies":[{"embeddable":true,"href":"https:\/\/migracao.redenoticia.com.br\/noticia\/wp-json\/wp\/v2\/comments?post=133064"}],"version-history":[{"count":0,"href":"https:\/\/migracao.redenoticia.com.br\/noticia\/wp-json\/wp\/v2\/posts\/133064\/revisions"}],"wp:featuredmedia":[{"embeddable":true,"href":"https:\/\/migracao.redenoticia.com.br\/noticia\/wp-json\/wp\/v2\/media\/36246"}],"wp:attachment":[{"href":"https:\/\/migracao.redenoticia.com.br\/noticia\/wp-json\/wp\/v2\/media?parent=133064"}],"wp:term":[{"taxonomy":"category","embeddable":true,"href":"https:\/\/migracao.redenoticia.com.br\/noticia\/wp-json\/wp\/v2\/categories?post=133064"},{"taxonomy":"post_tag","embeddable":true,"href":"https:\/\/migracao.redenoticia.com.br\/noticia\/wp-json\/wp\/v2\/tags?post=133064"}],"curies":[{"name":"wp","href":"https:\/\/api.w.org\/{rel}","templated":true}]}}