{"id":133150,"date":"2018-01-31T00:07:58","date_gmt":"2018-01-31T02:07:58","guid":{"rendered":"https:\/\/www.redenoticia.com.br\/noticia\/?p=133150"},"modified":"2018-01-30T23:34:07","modified_gmt":"2018-01-31T01:34:07","slug":"capital-e-grande-sp-projeto-guri-abre-inscricoes-para-cursos-de-musica","status":"publish","type":"post","link":"https:\/\/migracao.redenoticia.com.br\/noticia\/2018\/capital-e-grande-sp-projeto-guri-abre-inscricoes-para-cursos-de-musica\/133150","title":{"rendered":"Capital e Grande SP: Projeto Guri abre inscri\u00e7\u00f5es para cursos de m\u00fasica"},"content":{"rendered":"<p> At\u00e9 dia 2 de fevereiro interessados em participar do <strong><em>Projeto Guri<\/em><\/strong> na capital e Grande S\u00e3o Paulo podem fazer as inscri\u00e7\u00f5es.\u00a0 Os cursos s\u00e3o voltados para crian\u00e7as e adolescentes entre 6 e 18 anos podem escolher desde inicia\u00e7\u00e3o musical at\u00e9 os mais avan\u00e7ados em canto e diversos instrumentos, com forma\u00e7\u00f5es tanto em m\u00fasica erudita como popular.<\/p>\n<p>E o melhor! Para participar n\u00e3o \u00e9 preciso ter conhecimento pr\u00e9vio em m\u00fasica e todas as unidades do Guri oferecem diversos cursos de instrumentos.Para fazer a inscri\u00e7\u00e3o, \u00e9 s\u00f3 comparecer ao polo de interesse acompanhado de um respons\u00e1vel, portando uma foto 3X4, o documento de identidade ou certid\u00e3o de nascimento e um comprovante de resid\u00eancia com CEP. Para poder se inscrever e iniciar os estudos no Guri, a crian\u00e7a ou adolescente interessado precisa necessariamente estar matriculado em uma escola regular.<\/p>\n<p>Os alunos podem optar por viol\u00e3o, violino, viola, violoncelo, contrabaixo, flauta, clarinete, saxofone, trompa, trompete, trombone, tuba, percuss\u00e3o, contrabaixo el\u00e9trico e guitarra, entre tantos outros e os cursos t\u00eam dura\u00e7\u00e3o de dois a quatro anos.<\/p>\n<p>O programa tamb\u00e9m oferece aulas de canto e atualmente mant\u00e9m dez grupos musicais infanto-juvenis formados por seus alunos, como a Camerata de Viol\u00f5es, o Coral Juvenil, a Orquestra de Cordas e a Orquestra Sinf\u00f4nica do Guri. Para conferir a lista completa dos cursos e o local onde est\u00e3o instalados os polos, acesse a p\u00e1gina do Guri na internet:\u00a0<\/p>\n<p>Sobre os locais<br \/>\nS\u00e3o 46 polos na capital e na regi\u00e3o metropolitana de S\u00e3o Paulo, como Guarulhos, Santo Andr\u00e9, Osasco, Aruj\u00e1, Biritiba-Mirim, Po\u00e1 e Guararema. O programa atende cerca de 13 mil jovens e quem j\u00e1 \u00e9 aluno tamb\u00e9m precisa fazer a rematr\u00edcula. O in\u00edcio das aulas \u00e9 no dia 5 de fevereiro.<\/p>\n<p>Do Portal do Governo SP<\/p>\n","protected":false},"excerpt":{"rendered":"<p>At\u00e9 dia 2 de fevereiro interessados em participar do Projeto Guri na capital e Grande S\u00e3o Paulo podem fazer as inscri\u00e7\u00f5es.\u00a0 Os cursos s\u00e3o voltados para crian\u00e7as e adolescentes entre 6 e 18 anos podem escolher desde inicia\u00e7\u00e3o musical at\u00e9 os mais avan\u00e7ados em canto e diversos instrumentos, com forma\u00e7\u00f5es tanto em m\u00fasica erudita como [&hellip;]<\/p>\n","protected":false},"author":2,"featured_media":28951,"comment_status":"open","ping_status":"closed","sticky":false,"template":"","format":"standard","meta":{"tdm_status":"","tdm_grid_status":"","footnotes":""},"categories":[22,351,370],"tags":[],"class_list":{"0":"post-133150","1":"post","2":"type-post","3":"status-publish","4":"format-standard","5":"has-post-thumbnail","7":"category-brasil","8":"category-cursos","9":"category-inscricao"},"_links":{"self":[{"href":"https:\/\/migracao.redenoticia.com.br\/noticia\/wp-json\/wp\/v2\/posts\/133150","targetHints":{"allow":["GET"]}}],"collection":[{"href":"https:\/\/migracao.redenoticia.com.br\/noticia\/wp-json\/wp\/v2\/posts"}],"about":[{"href":"https:\/\/migracao.redenoticia.com.br\/noticia\/wp-json\/wp\/v2\/types\/post"}],"author":[{"embeddable":true,"href":"https:\/\/migracao.redenoticia.com.br\/noticia\/wp-json\/wp\/v2\/users\/2"}],"replies":[{"embeddable":true,"href":"https:\/\/migracao.redenoticia.com.br\/noticia\/wp-json\/wp\/v2\/comments?post=133150"}],"version-history":[{"count":0,"href":"https:\/\/migracao.redenoticia.com.br\/noticia\/wp-json\/wp\/v2\/posts\/133150\/revisions"}],"wp:featuredmedia":[{"embeddable":true,"href":"https:\/\/migracao.redenoticia.com.br\/noticia\/wp-json\/wp\/v2\/media\/28951"}],"wp:attachment":[{"href":"https:\/\/migracao.redenoticia.com.br\/noticia\/wp-json\/wp\/v2\/media?parent=133150"}],"wp:term":[{"taxonomy":"category","embeddable":true,"href":"https:\/\/migracao.redenoticia.com.br\/noticia\/wp-json\/wp\/v2\/categories?post=133150"},{"taxonomy":"post_tag","embeddable":true,"href":"https:\/\/migracao.redenoticia.com.br\/noticia\/wp-json\/wp\/v2\/tags?post=133150"}],"curies":[{"name":"wp","href":"https:\/\/api.w.org\/{rel}","templated":true}]}}