{"id":133192,"date":"2018-02-01T00:04:16","date_gmt":"2018-02-01T02:04:16","guid":{"rendered":"https:\/\/www.redenoticia.com.br\/noticia\/?p=133192"},"modified":"2018-01-31T22:14:12","modified_gmt":"2018-02-01T00:14:12","slug":"unifesp-oferece-mestrado-em-ciencia-da-computacao","status":"publish","type":"post","link":"https:\/\/migracao.redenoticia.com.br\/noticia\/2018\/unifesp-oferece-mestrado-em-ciencia-da-computacao\/133192","title":{"rendered":"Unifesp oferece mestrado em Ci\u00eancia da Computa\u00e7\u00e3o"},"content":{"rendered":"<p> Ag\u00eancia FAPESP\u00a0\u2013 O Programa de <strong><em>P\u00f3s-Gradua\u00e7\u00e3o em Ci\u00eancia de Computa\u00e7\u00e3o<\/em><\/strong> do Instituto de Ci\u00eancia e Tecnologia (ICT) da Universidade Federal de S\u00e3o Paulo (Unifesp), em S\u00e3o Jos\u00e9 dos Campos, est\u00e1 com inscri\u00e7\u00f5es abertas em processo seletivo para mestrado em Ci\u00eancia da Computa\u00e7\u00e3o, com in\u00edcio no primeiro semestre de 2018.<\/p>\n<p>S\u00e3o oferecidas 17 vagas, n\u00e3o sendo obrigat\u00f3rio o preenchimento de todas elas. Os candidatos poder\u00e3o se candidatar para tr\u00eas grandes linhas de pesquisa: 1) Linha de Otimiza\u00e7\u00e3o, 2) Linha de Sistemas Computacionais e 3) Linha de Sistemas Inteligentes.<\/p>\n<p>As inscri\u00e7\u00f5es poder\u00e3o ser feitas pela internet at\u00e9 2 de fevereiro de 2018, por meio de formul\u00e1rio dispon\u00edvel no\u00a0. Os documentos necess\u00e1rios para inscri\u00e7\u00e3o s\u00e3o: ficha de inscri\u00e7\u00e3o preenchida, RG ou passaporte\/RNE para candidatos estrangeiros, hist\u00f3rico escolar anal\u00edtico, curr\u00edculo Lattes atualizado, carta de apresenta\u00e7\u00e3o, duas cartas de recomenda\u00e7\u00e3o de professores. N\u00e3o h\u00e1 taxa de inscri\u00e7\u00e3o.<\/p>\n<p>O processo seletivo ser\u00e1 composto por duas etapas. A primeira, de car\u00e1ter eliminat\u00f3rio, consistir\u00e1 na avalia\u00e7\u00e3o do hist\u00f3rico escolar completo (incluindo reprova\u00e7\u00f5es), do curr\u00edculo Lattes, das duas cartas de recomenda\u00e7\u00e3o e da carta de apresenta\u00e7\u00e3o de cada candidato.<\/p>\n<p>Na segunda etapa, ser\u00e1 aplicada uma prova que avaliar\u00e1 os conhecimentos espec\u00edficos na \u00e1rea de Fundamentos da Computa\u00e7\u00e3o. A prova ser\u00e1 realizada no dia 6 de fevereiro, das 9 \u00e0s 12 horas, no ICT (av. Cesare Mansueto Giulio Lattes, 1201, Eug\u00eanio de Melo, S\u00e3o Jos\u00e9 dos Campos, SP).<\/p>\n<p>A classifica\u00e7\u00e3o final dos candidatos ser\u00e1 divulgada no dia 9 de fevereiro. Os candidatos aprovados no processo seletivo dever\u00e3o se matricular na Secretaria de P\u00f3s-Gradua\u00e7\u00e3o, localizada no campus S\u00e3o Jos\u00e9 dos Campos da Unifesp (mesmo endere\u00e7o do ICT).<\/p>\n<p>Mais informa\u00e7\u00f5es:\u00a0\u00a0ou pelo e-mail\u00a0ppgcc@unifesp.br.<\/p>\n","protected":false},"excerpt":{"rendered":"<p>Ag\u00eancia FAPESP\u00a0\u2013 O Programa de P\u00f3s-Gradua\u00e7\u00e3o em Ci\u00eancia de Computa\u00e7\u00e3o do Instituto de Ci\u00eancia e Tecnologia (ICT) da Universidade Federal de S\u00e3o Paulo (Unifesp), em S\u00e3o Jos\u00e9 dos Campos, est\u00e1 com inscri\u00e7\u00f5es abertas em processo seletivo para mestrado em Ci\u00eancia da Computa\u00e7\u00e3o, com in\u00edcio no primeiro semestre de 2018. S\u00e3o oferecidas 17 vagas, n\u00e3o sendo [&hellip;]<\/p>\n","protected":false},"author":2,"featured_media":37419,"comment_status":"open","ping_status":"closed","sticky":false,"template":"","format":"standard","meta":{"tdm_status":"","tdm_grid_status":"","footnotes":""},"categories":[22,351,370],"tags":[],"class_list":{"0":"post-133192","1":"post","2":"type-post","3":"status-publish","4":"format-standard","5":"has-post-thumbnail","7":"category-brasil","8":"category-cursos","9":"category-inscricao"},"_links":{"self":[{"href":"https:\/\/migracao.redenoticia.com.br\/noticia\/wp-json\/wp\/v2\/posts\/133192","targetHints":{"allow":["GET"]}}],"collection":[{"href":"https:\/\/migracao.redenoticia.com.br\/noticia\/wp-json\/wp\/v2\/posts"}],"about":[{"href":"https:\/\/migracao.redenoticia.com.br\/noticia\/wp-json\/wp\/v2\/types\/post"}],"author":[{"embeddable":true,"href":"https:\/\/migracao.redenoticia.com.br\/noticia\/wp-json\/wp\/v2\/users\/2"}],"replies":[{"embeddable":true,"href":"https:\/\/migracao.redenoticia.com.br\/noticia\/wp-json\/wp\/v2\/comments?post=133192"}],"version-history":[{"count":0,"href":"https:\/\/migracao.redenoticia.com.br\/noticia\/wp-json\/wp\/v2\/posts\/133192\/revisions"}],"wp:featuredmedia":[{"embeddable":true,"href":"https:\/\/migracao.redenoticia.com.br\/noticia\/wp-json\/wp\/v2\/media\/37419"}],"wp:attachment":[{"href":"https:\/\/migracao.redenoticia.com.br\/noticia\/wp-json\/wp\/v2\/media?parent=133192"}],"wp:term":[{"taxonomy":"category","embeddable":true,"href":"https:\/\/migracao.redenoticia.com.br\/noticia\/wp-json\/wp\/v2\/categories?post=133192"},{"taxonomy":"post_tag","embeddable":true,"href":"https:\/\/migracao.redenoticia.com.br\/noticia\/wp-json\/wp\/v2\/tags?post=133192"}],"curies":[{"name":"wp","href":"https:\/\/api.w.org\/{rel}","templated":true}]}}