{"id":133299,"date":"2018-02-01T00:07:09","date_gmt":"2018-02-01T02:07:09","guid":{"rendered":"https:\/\/www.redenoticia.com.br\/noticia\/?p=133299"},"modified":"2018-01-31T22:14:37","modified_gmt":"2018-02-01T00:14:37","slug":"centro-de-estudo-de-linguas-em-sp-abre-matriculas-para-cursos-gratuitos","status":"publish","type":"post","link":"https:\/\/migracao.redenoticia.com.br\/noticia\/2018\/centro-de-estudo-de-linguas-em-sp-abre-matriculas-para-cursos-gratuitos\/133299","title":{"rendered":"Centro de Estudo de L\u00ednguas em SP abre matr\u00edculas para cursos gratuitos"},"content":{"rendered":"<p> Seguem abertas as matr\u00edculas para os <strong><em>cursos de idiomas<\/em><\/strong> do Centro de Estudo de L\u00ednguas (CEL) da Secretaria da Educa\u00e7\u00e3o. S\u00e3o mais de 200 unidades no Estado de S\u00e3o Paulo. Elas oferecem cursos de idiomas gratuitamente para os alunos da rede estadual.<\/p>\n<p>Est\u00e3o abertas para 2018 mais de 27,5 mil vagas entre remanescentes e novas turmas das aulas de ingl\u00eas, espanhol, alem\u00e3o, franc\u00eas, italiano e japon\u00eas.<\/p>\n<p>Para se inscrever, os estudantes devem comparecer ao CEL mais pr\u00f3ximo de sua resid\u00eancia e apresentar c\u00f3pia do documento de identidade (RG) e declara\u00e7\u00e3o de matr\u00edcula em escola da rede estadual com n\u00famero do Registro de Aluno (RA). Se menor de idade, \u00e9 preciso a presen\u00e7a dos pais ou respons\u00e1veis.<\/p>\n<p>Os encontros acontecem no contraturno escolar ou aos s\u00e1bados. Para o curso de ingl\u00eas e mandarim, os interessados devem estar cursando o Ensino M\u00e9dio. Para os demais, basta estar matriculado em uma das turmas a partir do 7\u00ba ano do Ensino Fundamental, Educa\u00e7\u00e3o de Jovens e Adultos (EJA) ou Centro Estadual de Educa\u00e7\u00e3o de Jovens e Adultos (CEEJA).<\/p>\n<p>Os cursos s\u00e3o ofertados em m\u00f3dulos semestrais, exceto o de ingl\u00eas, oferecido anualmente. Os alunos aprovados recebem um certificado de conclus\u00e3o. E quem ainda n\u00e3o se inscreveu tem at\u00e9 o in\u00edcio das aulas no CEL para faz\u00ea-lo. A previs\u00e3o \u00e9 que as aulas comecem logo ap\u00f3s o in\u00edcio do ano letivo, em 1 de fevereiro.<\/p>\n<p>Do Portal do Governo SP<\/p>\n","protected":false},"excerpt":{"rendered":"<p>Seguem abertas as matr\u00edculas para os cursos de idiomas do Centro de Estudo de L\u00ednguas (CEL) da Secretaria da Educa\u00e7\u00e3o. S\u00e3o mais de 200 unidades no Estado de S\u00e3o Paulo. Elas oferecem cursos de idiomas gratuitamente para os alunos da rede estadual. Est\u00e3o abertas para 2018 mais de 27,5 mil vagas entre remanescentes e novas [&hellip;]<\/p>\n","protected":false},"author":2,"featured_media":36248,"comment_status":"open","ping_status":"closed","sticky":false,"template":"","format":"standard","meta":{"tdm_status":"","tdm_grid_status":"","footnotes":""},"categories":[22,351,370],"tags":[],"class_list":{"0":"post-133299","1":"post","2":"type-post","3":"status-publish","4":"format-standard","5":"has-post-thumbnail","7":"category-brasil","8":"category-cursos","9":"category-inscricao"},"_links":{"self":[{"href":"https:\/\/migracao.redenoticia.com.br\/noticia\/wp-json\/wp\/v2\/posts\/133299","targetHints":{"allow":["GET"]}}],"collection":[{"href":"https:\/\/migracao.redenoticia.com.br\/noticia\/wp-json\/wp\/v2\/posts"}],"about":[{"href":"https:\/\/migracao.redenoticia.com.br\/noticia\/wp-json\/wp\/v2\/types\/post"}],"author":[{"embeddable":true,"href":"https:\/\/migracao.redenoticia.com.br\/noticia\/wp-json\/wp\/v2\/users\/2"}],"replies":[{"embeddable":true,"href":"https:\/\/migracao.redenoticia.com.br\/noticia\/wp-json\/wp\/v2\/comments?post=133299"}],"version-history":[{"count":0,"href":"https:\/\/migracao.redenoticia.com.br\/noticia\/wp-json\/wp\/v2\/posts\/133299\/revisions"}],"wp:featuredmedia":[{"embeddable":true,"href":"https:\/\/migracao.redenoticia.com.br\/noticia\/wp-json\/wp\/v2\/media\/36248"}],"wp:attachment":[{"href":"https:\/\/migracao.redenoticia.com.br\/noticia\/wp-json\/wp\/v2\/media?parent=133299"}],"wp:term":[{"taxonomy":"category","embeddable":true,"href":"https:\/\/migracao.redenoticia.com.br\/noticia\/wp-json\/wp\/v2\/categories?post=133299"},{"taxonomy":"post_tag","embeddable":true,"href":"https:\/\/migracao.redenoticia.com.br\/noticia\/wp-json\/wp\/v2\/tags?post=133299"}],"curies":[{"name":"wp","href":"https:\/\/api.w.org\/{rel}","templated":true}]}}