{"id":133398,"date":"2018-02-02T00:07:28","date_gmt":"2018-02-02T02:07:28","guid":{"rendered":"https:\/\/www.redenoticia.com.br\/noticia\/?p=133398"},"modified":"2018-02-01T16:16:04","modified_gmt":"2018-02-01T18:16:04","slug":"pesquisa-investiga-transplante-de-celulas-tronco-no-tratamento-da-esclerose-sistemica","status":"publish","type":"post","link":"https:\/\/migracao.redenoticia.com.br\/noticia\/2018\/pesquisa-investiga-transplante-de-celulas-tronco-no-tratamento-da-esclerose-sistemica\/133398","title":{"rendered":"Pesquisa investiga transplante de c\u00e9lulas-tronco no tratamento da esclerose sist\u00eamica"},"content":{"rendered":"<p> Ag\u00eancia FAPESP\u00a0* \u2013 Uma pesquisa feita no Centro de Terapia Celular () \u2013 um Centro de Pesquisa, Inova\u00e7\u00e3o e Difus\u00e3o () financiado pela FAPESP e sediado na USP \u2013 avaliou os mecanismos imunol\u00f3gicos relacionados \u00e0 resposta terap\u00eautica do transplante aut\u00f3logo de c\u00e9lulas-tronco hematopo\u00e9ticas em pacientes com <em><strong>esclerose<\/strong><\/em> sist\u00eamica.<\/p>\n<p>O trabalho concluiu que esse transplante induz a produ\u00e7\u00e3o de novas c\u00e9lulas pelo timo e medula \u00f3ssea, levando \u00e0 remiss\u00e3o cl\u00ednica da doen\u00e7a. Segundo o estudo, a alternativa proporciona uma protocolo cl\u00ednico mais eficaz e a consolida\u00e7\u00e3o desta terapia como tratamento.<\/p>\n<p>Resultados da pesquisa foram publicados na revista\u00a0, da American Society of Hematology.<\/p>\n<p>O trabalho foi conduzido por pesquisadores da Faculdade de Medicina de Ribeir\u00e3o Preto (FMRP) da USP, do Hemocentro de Ribeir\u00e3o Preto e da Universidade Paris Diderot, da Fran\u00e7a.<\/p>\n<p>A esclerose sist\u00eamica \u00e9 uma doen\u00e7a autoimune reum\u00e1tica cr\u00f4nica do tecido conjuntivo, caracterizada por les\u00f5es microvasculares associadas a diferentes graus de fibrose da pele e dos \u00f3rg\u00e3os internos. Como as causas s\u00e3o desconhecidas, os tratamentos dispon\u00edveis t\u00eam efic\u00e1cia limitada no controle da progress\u00e3o da doen\u00e7a.<\/p>\n<p>Segundo o CTC, os autores buscaram entender por que cerca de 20% a 25% dos pacientes transplantados n\u00e3o respondem bem ao procedimento e n\u00e3o apresentam melhora no estado cl\u00ednico.<\/p>\n<p>Na pesquisa foi avaliada a fun\u00e7\u00e3o do timo e da medula \u00f3ssea na produ\u00e7\u00e3o de novas c\u00e9lulas em 31 pacientes transplantados, no per\u00edodo de tr\u00eas anos, e comparada em paralelo com os dados de 16 pacientes, tamb\u00e9m com esclerose sist\u00eamica, tratados com a terapia convencional (imunossupress\u00e3o).<\/p>\n<p>\u201cTestamos a hip\u00f3tese de que o transplante seria capaz de reativar a produ\u00e7\u00e3o de novas c\u00e9lulas por esses dois \u00f3rg\u00e3os, levando \u00e0 substitui\u00e7\u00e3o das c\u00e9lulas doentes, que atacam tecidos do corpo, por c\u00e9lulas saud\u00e1veis\u201d, disse\u00a0, bolsista da FAPESP e um dos autores do estudo.<\/p>\n<p>Os pesquisadores observaram que somente os pacientes transplantados apresentaram aumento na fun\u00e7\u00e3o do timo e da medula \u00f3ssea, levando \u00e0 produ\u00e7\u00e3o de maiores n\u00edveis de c\u00e9lulas T reguladoras e B reguladoras respectivamente. Nenhuma altera\u00e7\u00e3o foi notada nos pacientes tratados pela terapia convencional.<\/p>\n<p>O transplante envolve o uso de altas doses de quimioterapia, com o objetivo de destruir por completo o sistema imunol\u00f3gico doente, seguido pela administra\u00e7\u00e3o das c\u00e9lulas-tronco do pr\u00f3prio paciente para \u201creiniciar\u201d o sistema imune e impedir a progress\u00e3o da doen\u00e7a.<\/p>\n<p>Segundo Arruda, nos pacientes n\u00e3o respondedores, a quimioterapia empregada no transplante n\u00e3o foi capaz de destruir o sistema autoimune, com isso, as c\u00e9lulas doentes se mantiveram mesmo depois do procedimento, aliadas a uma diminui\u00e7\u00e3o dos n\u00edveis de c\u00e9lulas reguladoras.<\/p>\n<p>O artigo\u00a0Immune rebound associates with a favorable clinical response to autologous HSCT in systemic sclerosis patients\u00a0(doi: https:\/\/doi.org\/10.1182\/bloodadvances.2017011072), de Lucas C. M. Arruda, Kelen C. R. Malmegrim, Jo\u00e3o R. Lima-J\u00fanior, Emmanuel Clave, Juliana B. E. Dias, Daniela A. Moraes, Corinne Douay, Isabelle Fournier, H\u00e9l\u00e8ne Moins-Teisserenc, Ant\u00f4nio Jos\u00e9 Alberdi, Dimas T. Covas, Belinda P. Sim\u00f5es, Pauline Lansiaux, Antoine Toubert e Maria Carolina Oliveira, est\u00e1 publicado em\u00a0.<\/p>\n<p>* Com Eduardo Loria Vidal, do\u00a0Centro de Terapia Celular.<\/p>\n","protected":false},"excerpt":{"rendered":"<p>Ag\u00eancia FAPESP\u00a0* \u2013 Uma pesquisa feita no Centro de Terapia Celular () \u2013 um Centro de Pesquisa, Inova\u00e7\u00e3o e Difus\u00e3o () financiado pela FAPESP e sediado na USP \u2013 avaliou os mecanismos imunol\u00f3gicos relacionados \u00e0 resposta terap\u00eautica do transplante aut\u00f3logo de c\u00e9lulas-tronco hematopo\u00e9ticas em pacientes com esclerose sist\u00eamica. O trabalho concluiu que esse transplante induz [&hellip;]<\/p>\n","protected":false},"author":2,"featured_media":35093,"comment_status":"open","ping_status":"closed","sticky":false,"template":"","format":"standard","meta":{"tdm_status":"","tdm_grid_status":"","footnotes":""},"categories":[22,5],"tags":[],"class_list":{"0":"post-133398","1":"post","2":"type-post","3":"status-publish","4":"format-standard","5":"has-post-thumbnail","7":"category-brasil","8":"category-saude-e-vida"},"_links":{"self":[{"href":"https:\/\/migracao.redenoticia.com.br\/noticia\/wp-json\/wp\/v2\/posts\/133398","targetHints":{"allow":["GET"]}}],"collection":[{"href":"https:\/\/migracao.redenoticia.com.br\/noticia\/wp-json\/wp\/v2\/posts"}],"about":[{"href":"https:\/\/migracao.redenoticia.com.br\/noticia\/wp-json\/wp\/v2\/types\/post"}],"author":[{"embeddable":true,"href":"https:\/\/migracao.redenoticia.com.br\/noticia\/wp-json\/wp\/v2\/users\/2"}],"replies":[{"embeddable":true,"href":"https:\/\/migracao.redenoticia.com.br\/noticia\/wp-json\/wp\/v2\/comments?post=133398"}],"version-history":[{"count":0,"href":"https:\/\/migracao.redenoticia.com.br\/noticia\/wp-json\/wp\/v2\/posts\/133398\/revisions"}],"wp:featuredmedia":[{"embeddable":true,"href":"https:\/\/migracao.redenoticia.com.br\/noticia\/wp-json\/wp\/v2\/media\/35093"}],"wp:attachment":[{"href":"https:\/\/migracao.redenoticia.com.br\/noticia\/wp-json\/wp\/v2\/media?parent=133398"}],"wp:term":[{"taxonomy":"category","embeddable":true,"href":"https:\/\/migracao.redenoticia.com.br\/noticia\/wp-json\/wp\/v2\/categories?post=133398"},{"taxonomy":"post_tag","embeddable":true,"href":"https:\/\/migracao.redenoticia.com.br\/noticia\/wp-json\/wp\/v2\/tags?post=133398"}],"curies":[{"name":"wp","href":"https:\/\/api.w.org\/{rel}","templated":true}]}}