{"id":133402,"date":"2018-02-02T00:08:32","date_gmt":"2018-02-02T02:08:32","guid":{"rendered":"https:\/\/www.redenoticia.com.br\/noticia\/?p=133402"},"modified":"2018-02-01T16:16:11","modified_gmt":"2018-02-01T18:16:11","slug":"saiba-como-descartar-lixo-reciclavel-e-combater-a-dengue","status":"publish","type":"post","link":"https:\/\/migracao.redenoticia.com.br\/noticia\/2018\/saiba-como-descartar-lixo-reciclavel-e-combater-a-dengue\/133402","title":{"rendered":"Saiba como descartar lixo recicl\u00e1vel e combater a dengue"},"content":{"rendered":"<p> Um dos cuidados que devemos ter para evitar a prolifera\u00e7\u00e3o do Aedes aegypti, o mosquito transmissor dos v\u00edrus da <em><strong>dengue, zika e chikungunya<\/strong><\/em>, \u00e9 com o descarte do lixo recicl\u00e1vel. \u00a0E como proceder corretamente?<\/p>\n<p>Saiba mais sobre o Aedes aegypti:<\/p>\n<p>\u2013 O sangue humano \u00e9 sua principal fonte de alimenta\u00e7\u00e3o;<\/p>\n<p>\u2013 O Aedes aegypti tem h\u00e1bitos diurnos, diferentemente do pernilongo comum;<\/p>\n<p>\u2013 A esp\u00e9cie tem em torno de 0,5 cent\u00edmetros de tamanho;<\/p>\n<p>\u2013 O corpo \u00e9 cinza com pintas brancas;<\/p>\n<p>\u2013 O ciclo de vida desde o ovo, larva e pupa \u00e9 aqu\u00e1tico.<\/p>\n<p>Dicas para combater o mosquito da dengue em casa:<\/p>\n<p>\u2013 Encha os pratos dos vasos de plantas com areia at\u00e9 a borda;<\/p>\n<p>\u2013 Troque a \u00e1gua e lave o vaso das plantas aqu\u00e1ticas com escova, \u00e1gua e sab\u00e3o pelo menos uma vez por semana;<\/p>\n<p>\u2013 Coloque o lixo em sacos pl\u00e1sticos e mantenha a lixeira sempre fechada;<\/p>\n<p>\u2013 Caixas d\u2019\u00e1gua tamb\u00e9m devem permanecer fechadas e todos os objetos que acumulam \u00e1gua, como embalagens usadas, devem ser jogados no lixo;<\/p>\n<p>\u2013 Folhas e tudo o que possa impedir a \u00e1gua de correr pelas calhas tamb\u00e9m precisam ser removidos;<\/p>\n<p>\u2013 Garrafas e recipientes que acumulam \u00e1gua devem ser sempre virados para baixo.<\/p>\n<p> Do Portal do Governo SP <\/p>\n","protected":false},"excerpt":{"rendered":"<p>Um dos cuidados que devemos ter para evitar a prolifera\u00e7\u00e3o do Aedes aegypti, o mosquito transmissor dos v\u00edrus da dengue, zika e chikungunya, \u00e9 com o descarte do lixo recicl\u00e1vel. \u00a0E como proceder corretamente? Saiba mais sobre o Aedes aegypti: \u2013 O sangue humano \u00e9 sua principal fonte de alimenta\u00e7\u00e3o; \u2013 O Aedes aegypti tem [&hellip;]<\/p>\n","protected":false},"author":2,"featured_media":40847,"comment_status":"open","ping_status":"closed","sticky":false,"template":"","format":"standard","meta":{"tdm_status":"","tdm_grid_status":"","footnotes":""},"categories":[22,5],"tags":[],"class_list":{"0":"post-133402","1":"post","2":"type-post","3":"status-publish","4":"format-standard","5":"has-post-thumbnail","7":"category-brasil","8":"category-saude-e-vida"},"_links":{"self":[{"href":"https:\/\/migracao.redenoticia.com.br\/noticia\/wp-json\/wp\/v2\/posts\/133402","targetHints":{"allow":["GET"]}}],"collection":[{"href":"https:\/\/migracao.redenoticia.com.br\/noticia\/wp-json\/wp\/v2\/posts"}],"about":[{"href":"https:\/\/migracao.redenoticia.com.br\/noticia\/wp-json\/wp\/v2\/types\/post"}],"author":[{"embeddable":true,"href":"https:\/\/migracao.redenoticia.com.br\/noticia\/wp-json\/wp\/v2\/users\/2"}],"replies":[{"embeddable":true,"href":"https:\/\/migracao.redenoticia.com.br\/noticia\/wp-json\/wp\/v2\/comments?post=133402"}],"version-history":[{"count":0,"href":"https:\/\/migracao.redenoticia.com.br\/noticia\/wp-json\/wp\/v2\/posts\/133402\/revisions"}],"wp:featuredmedia":[{"embeddable":true,"href":"https:\/\/migracao.redenoticia.com.br\/noticia\/wp-json\/wp\/v2\/media\/40847"}],"wp:attachment":[{"href":"https:\/\/migracao.redenoticia.com.br\/noticia\/wp-json\/wp\/v2\/media?parent=133402"}],"wp:term":[{"taxonomy":"category","embeddable":true,"href":"https:\/\/migracao.redenoticia.com.br\/noticia\/wp-json\/wp\/v2\/categories?post=133402"},{"taxonomy":"post_tag","embeddable":true,"href":"https:\/\/migracao.redenoticia.com.br\/noticia\/wp-json\/wp\/v2\/tags?post=133402"}],"curies":[{"name":"wp","href":"https:\/\/api.w.org\/{rel}","templated":true}]}}