{"id":133509,"date":"2018-02-03T00:04:55","date_gmt":"2018-02-03T02:04:55","guid":{"rendered":"https:\/\/www.redenoticia.com.br\/noticia\/?p=133509"},"modified":"2018-02-02T18:39:45","modified_gmt":"2018-02-02T20:39:45","slug":"resumo-novela-chiquititas-05-02-marian-tenta-empurrar-mili-do-penhasco","status":"publish","type":"post","link":"https:\/\/migracao.redenoticia.com.br\/noticia\/2018\/resumo-novela-chiquititas-05-02-marian-tenta-empurrar-mili-do-penhasco\/133509","title":{"rendered":"Resumo novela \u201cChiquititas\u201d 05\/02: Marian tenta empurrar Mili do penhasco"},"content":{"rendered":"<p> <img loading=\"lazy\" decoding=\"async\" class=\"alignleft size-thumbnail wp-image-49690\" src=\"https:\/\/migracao.redenoticia.com.br\/noticia\/imagens\/chiquititas1-150x112.jpg\" alt=\"chiquititas\" width=\"150\" height=\"112\" \/><strong><em>Resumo novela \u201cChiquititas\u201d 05\/02<\/em><\/strong>: no cap\u00edtulo 365(*) da novela \u201cChiquititas\u201d, resumo de segunda-feira, 05 de fevereiro, Carol pede para Junior se acalmar que a verdade sobre o que aconteceu com Gabriela logo ir\u00e1 aparecer. Novo clipe de cena da m\u00fasica \u201cRio de Janeiro\u201d. Mosca tenta pegar na m\u00e3o de Mili, que chateada por saber que o garoto j\u00e1 ficou com Janu, sai de perto mais uma vez. Em um \u00f4nibus de turismo, as Chiquitias andam pela cidade e v\u00e3o pela primeira vez para a praia, onde tomam banho de mar. No orfanato, Carol e Matilde, que finge ser Ernestina, veem as fotos das crian\u00e7as pela rede social. No Rio, Mili est\u00e1 no alto de uma pedra, sozinha e chateada. Marian vai atr\u00e1s dela e silenciosamente sorri. <\/p>\n<p>A vil\u00e3 tenta matar Mili, mas n\u00e3o consegue empurr\u00e1-la do penhasco, pois as meninas menores passam no exato momento. Mili vai atr\u00e1s das pequeninas que se divertem. Estreia do videoclipe da m\u00fasica\u201dO que Voc\u00ea Fez?\u201d, dire\u00e7\u00e3o de Reynaldo Boury. Chico liga para Carol e diz que est\u00e1 tudo bem no Rio. As chiquititas visitam o Est\u00e1dio do Maracan\u00e3, onde jogam at\u00e9 uma partida de futebol. Eduarda diz para C\u00edcero que Grazielle foi at\u00e9 a casa de Shirley inventar que eles est\u00e3o tendo um caso. No Rio, as chiquititas visitam ainda o Cristo Redentor e os Arcos da Lapa. De volta em S\u00e3o Paulo, as Chiquititas levam as malas para o orfanato. No dia seguinte, na escola, Janu diz para Mosca que sonhou com ele. Mais tarde ela envia um bilhete para sair com o garoto, que n\u00e3o quer mais ficar com Janu, mas est\u00e1 sem jeito de dizer isso. <\/p>\n<p>Carmen tenta argumentar com Gabriela que tudo que fez n\u00e3o foi por maldade. Junior e Gabriela v\u00e3o at\u00e9 o apartamento de Cintia exigir explica\u00e7\u00f5es. Armando sai do quarto de Cintia. Gabriela diz que ele fingia se chamar Miguel. Armando diz que no come\u00e7o se envolveu na mentira, mas que depois se apaixonou de verdade por Gabriela. Junior d\u00e1 um soco no rosto de Armando. Mais tarde, Junior leva Mili para rever Gabriela na mans\u00e3o dos Almeida Campos. Ap\u00f3s meses em coma depois de ser v\u00edtima de um atropelamento criminoso, Valentina dispersa pela primeira vez no quarto.<\/p>\n<p>(*) edi\u00e7\u00e3o do SBT, Novela \u201cChiquititas\u201d, sujeito a altera\u00e7\u00e3o de data e conte\u00fado. <\/p>\n<p>Chiquititas gira em torno do orfanato Raio de Luz, que carrega em sua hist\u00f3ria um grande segredo envolvendo a fam\u00edlia e o dono do orfanato, Dr. Jos\u00e9 Ricardo Almeida Campos. Em um per\u00edodo anterior \u00e0 novela, exatos treze anos, sua filha Gabriela se apaixonou e ficou gr\u00e1vida de Miguel, filho de Valentina, empregada da casa dos Almeida Campos. Pouco depois, Jos\u00e9 Ricardo sequestrou sua neta, pois, como um homem conservador, ele n\u00e3o aceitava a ideia de que sua filha se envolvesse com um empregado. Como sua neta, Milena, apelidada como Mili, precisava de um lugar para morar, ele comprou um casar\u00e3o e fundou um orfanato, o Raio de Luz. Mili cresceu l\u00e1 com outras garotas que chegaram posteriormente: Bia, Ana, as irm\u00e3s Tati e Vivi, e Cris. Ao decorrer dos anos, elas se tornam uma fam\u00edlia. Elas s\u00e3o supervisionadas por Ernestina, zeladora do orfanato, e Chico, o cozinheiro amado pelas internas. Sofia, ex-governanta da fam\u00edlia Almeida Campos, \u00e9 a diretora do lugar, at\u00e9 que Carmem, irm\u00e3 de Jos\u00e9 Ricardo, entre em seu lugar. Chegam ainda mais \u00f3rf\u00e3os: Pata, Mosca, Binho e Rafa, que viviam nas ruas antes de entrarem na institui\u00e7\u00e3o. Pata e Mili tornam-se amigas rapidamente, enquanto Mosca, Binho e Rafa s\u00e3o os primeiros garotos a entrar no abrigo. As crian\u00e7as sem-teto foram ajudadas por uma doce e bela garota que tocam e mudam a vida delas, assim como as das garotas \u00f3rf\u00e3s.<\/p>\n","protected":false},"excerpt":{"rendered":"<p>Resumo novela \u201cChiquititas\u201d 05\/02: no cap\u00edtulo 365(*) da novela \u201cChiquititas\u201d, resumo de segunda-feira, 05 de fevereiro, Carol pede para Junior se acalmar que a verdade sobre o que aconteceu com Gabriela logo ir\u00e1 aparecer. Novo clipe de cena da m\u00fasica \u201cRio de Janeiro\u201d. Mosca tenta pegar na m\u00e3o de Mili, que chateada por saber que [&hellip;]<\/p>\n","protected":false},"author":2,"featured_media":49690,"comment_status":"open","ping_status":"closed","sticky":false,"template":"","format":"standard","meta":{"tdm_status":"","tdm_grid_status":"","footnotes":""},"categories":[409,379,372,343],"tags":[441],"class_list":{"0":"post-133509","1":"post","2":"type-post","3":"status-publish","4":"format-standard","5":"has-post-thumbnail","7":"category-chiquititas","8":"category-novelas","9":"category-sbt","10":"category-televisao","11":"tag-resumo-do-dia"},"_links":{"self":[{"href":"https:\/\/migracao.redenoticia.com.br\/noticia\/wp-json\/wp\/v2\/posts\/133509","targetHints":{"allow":["GET"]}}],"collection":[{"href":"https:\/\/migracao.redenoticia.com.br\/noticia\/wp-json\/wp\/v2\/posts"}],"about":[{"href":"https:\/\/migracao.redenoticia.com.br\/noticia\/wp-json\/wp\/v2\/types\/post"}],"author":[{"embeddable":true,"href":"https:\/\/migracao.redenoticia.com.br\/noticia\/wp-json\/wp\/v2\/users\/2"}],"replies":[{"embeddable":true,"href":"https:\/\/migracao.redenoticia.com.br\/noticia\/wp-json\/wp\/v2\/comments?post=133509"}],"version-history":[{"count":0,"href":"https:\/\/migracao.redenoticia.com.br\/noticia\/wp-json\/wp\/v2\/posts\/133509\/revisions"}],"wp:featuredmedia":[{"embeddable":true,"href":"https:\/\/migracao.redenoticia.com.br\/noticia\/wp-json\/wp\/v2\/media\/49690"}],"wp:attachment":[{"href":"https:\/\/migracao.redenoticia.com.br\/noticia\/wp-json\/wp\/v2\/media?parent=133509"}],"wp:term":[{"taxonomy":"category","embeddable":true,"href":"https:\/\/migracao.redenoticia.com.br\/noticia\/wp-json\/wp\/v2\/categories?post=133509"},{"taxonomy":"post_tag","embeddable":true,"href":"https:\/\/migracao.redenoticia.com.br\/noticia\/wp-json\/wp\/v2\/tags?post=133509"}],"curies":[{"name":"wp","href":"https:\/\/api.w.org\/{rel}","templated":true}]}}