{"id":133611,"date":"2018-02-05T00:36:32","date_gmt":"2018-02-05T02:36:32","guid":{"rendered":"https:\/\/www.redenoticia.com.br\/noticia\/?p=133611"},"modified":"2018-02-04T16:39:22","modified_gmt":"2018-02-04T18:39:22","slug":"casa-das-rosas-sp-tem-curso-gratuito-para-escritores-iniciantes","status":"publish","type":"post","link":"https:\/\/migracao.redenoticia.com.br\/noticia\/2018\/casa-das-rosas-sp-tem-curso-gratuito-para-escritores-iniciantes\/133611","title":{"rendered":"Casa das Rosas SP tem curso gratuito para escritores iniciantes"},"content":{"rendered":"<p> Quem gosta de escrever e quer aprender sobre cria\u00e7\u00e3o liter\u00e1ria pode participar do\u00a0<em><strong>Curso Livre de Prepara\u00e7\u00e3o do Escritor<\/strong><\/em>\u00a0(Clipe)\u00a0oferecido gratuitamente pela\u00a0Casa das Rosas. As inscri\u00e7\u00f5es v\u00e3o at\u00e9 16 de fevereiro e devem ser feitas pelo\u00a0.<\/p>\n<p>A proposta do curso idealizado pelo\u00a0Centro de Apoio ao Escritor\u00a0(CAE) \u00e9 contribuir para a cria\u00e7\u00e3o liter\u00e1ria em todas as suas etapas e g\u00eaneros, propiciando aos autores iniciantes e \u00e0s pessoas interessadas, capacita\u00e7\u00e3o t\u00e9cnica e recursos de profissionaliza\u00e7\u00e3o.<\/p>\n<p>Ser\u00e3o oferecidas tr\u00eas turmas de trinta alunos, e cada uma tratar\u00e1 de um g\u00eanero liter\u00e1rio: a prosa, a poesia e o ensaio. As aulas come\u00e7am dia 1\u00ba de mar\u00e7o e ser\u00e3o \u00e0s quintas-feiras, das 19h \u00e0s 21h, e aos s\u00e1bados, das 10h30 \u00e0s 12h30 \u2013 com dura\u00e7\u00e3o de oito meses e oito encontros mensais. Os participantes podem se inscrever nas tr\u00eas turmas, mas a sele\u00e7\u00e3o ser\u00e1 para apenas uma categoria. Os resultados devem ser divulgados no dia 27 de fevereiro.<\/p>\n<p>Sobre o Clipe<br \/>\nDesde sua cria\u00e7\u00e3o, em 2013, at\u00e9 as \u00faltimas turmas contabilizadas, em 2016, o\u00a0Clipe\u00a0j\u00e1 teve cerca de 2870 inscritos. Cada um dos oito m\u00f3dulos aborda uma tem\u00e1tica espec\u00edfica, com professores e metodologias diversas, oferecendo um amplo painel de experi\u00eancias te\u00f3ricas e pr\u00e1ticas de cria\u00e7\u00e3o liter\u00e1ria. Nesta edi\u00e7\u00e3o, a Casa das Rosas sedia as turmas de prosa e poesia, e a Casa M\u00e1rio de Andrade a turma de ensaio.<\/p>\n<p>Servi\u00e7o <\/p>\n<p>Clipe 2018<br \/>\nInscri\u00e7\u00f5es at\u00e9 dia 16 de fevereiro<br \/>\nCasa das Rosas \u2013 Espa\u00e7o Haroldo de Campos de Poesia e Literatura (Avenida Paulista, 37 \u2013 pr\u00f3ximo \u00e0 esta\u00e7\u00e3o Brigadeiro do metr\u00f4)<br \/>\n(11) 3285-6986 \/ (11) 3288-9447<\/p>\n<p> Do Portal do Governo SP<\/p>\n","protected":false},"excerpt":{"rendered":"<p>Quem gosta de escrever e quer aprender sobre cria\u00e7\u00e3o liter\u00e1ria pode participar do\u00a0Curso Livre de Prepara\u00e7\u00e3o do Escritor\u00a0(Clipe)\u00a0oferecido gratuitamente pela\u00a0Casa das Rosas. As inscri\u00e7\u00f5es v\u00e3o at\u00e9 16 de fevereiro e devem ser feitas pelo\u00a0. A proposta do curso idealizado pelo\u00a0Centro de Apoio ao Escritor\u00a0(CAE) \u00e9 contribuir para a cria\u00e7\u00e3o liter\u00e1ria em todas as suas etapas [&hellip;]<\/p>\n","protected":false},"author":2,"featured_media":57581,"comment_status":"open","ping_status":"closed","sticky":false,"template":"","format":"standard","meta":{"tdm_status":"","tdm_grid_status":"","footnotes":""},"categories":[22,351,370],"tags":[],"class_list":{"0":"post-133611","1":"post","2":"type-post","3":"status-publish","4":"format-standard","5":"has-post-thumbnail","7":"category-brasil","8":"category-cursos","9":"category-inscricao"},"_links":{"self":[{"href":"https:\/\/migracao.redenoticia.com.br\/noticia\/wp-json\/wp\/v2\/posts\/133611","targetHints":{"allow":["GET"]}}],"collection":[{"href":"https:\/\/migracao.redenoticia.com.br\/noticia\/wp-json\/wp\/v2\/posts"}],"about":[{"href":"https:\/\/migracao.redenoticia.com.br\/noticia\/wp-json\/wp\/v2\/types\/post"}],"author":[{"embeddable":true,"href":"https:\/\/migracao.redenoticia.com.br\/noticia\/wp-json\/wp\/v2\/users\/2"}],"replies":[{"embeddable":true,"href":"https:\/\/migracao.redenoticia.com.br\/noticia\/wp-json\/wp\/v2\/comments?post=133611"}],"version-history":[{"count":0,"href":"https:\/\/migracao.redenoticia.com.br\/noticia\/wp-json\/wp\/v2\/posts\/133611\/revisions"}],"wp:featuredmedia":[{"embeddable":true,"href":"https:\/\/migracao.redenoticia.com.br\/noticia\/wp-json\/wp\/v2\/media\/57581"}],"wp:attachment":[{"href":"https:\/\/migracao.redenoticia.com.br\/noticia\/wp-json\/wp\/v2\/media?parent=133611"}],"wp:term":[{"taxonomy":"category","embeddable":true,"href":"https:\/\/migracao.redenoticia.com.br\/noticia\/wp-json\/wp\/v2\/categories?post=133611"},{"taxonomy":"post_tag","embeddable":true,"href":"https:\/\/migracao.redenoticia.com.br\/noticia\/wp-json\/wp\/v2\/tags?post=133611"}],"curies":[{"name":"wp","href":"https:\/\/api.w.org\/{rel}","templated":true}]}}