{"id":133614,"date":"2018-02-05T00:37:49","date_gmt":"2018-02-05T02:37:49","guid":{"rendered":"https:\/\/www.redenoticia.com.br\/noticia\/?p=133614"},"modified":"2018-02-04T16:39:28","modified_gmt":"2018-02-04T18:39:28","slug":"mediotec-sp-abre-120-vagas-em-cursos-tecnicos","status":"publish","type":"post","link":"https:\/\/migracao.redenoticia.com.br\/noticia\/2018\/mediotec-sp-abre-120-vagas-em-cursos-tecnicos\/133614","title":{"rendered":"MedioTec SP abre 120 vagas em cursos t\u00e9cnicos"},"content":{"rendered":"<p> As inscri\u00e7\u00f5es para o programa de dupla forma\u00e7\u00e3o <em><strong>MedioTec<\/strong><\/em> est\u00e3o abertas at\u00e9 o dia 14 de fevereiro e podem ser feitas pela\u00a0.<\/p>\n<p>Alunos matriculados no segundo ano do Ensino M\u00e9dio de escolas da Secretaria da Educa\u00e7\u00e3o do Estado de S\u00e3o Paulo poder\u00e3o, a partir de mar\u00e7o, fazer um curso t\u00e9cnico do Centro Paula Souza (CPS) ao mesmo tempo em que terminam seus estudos regulares.<\/p>\n<p>Ao todo, ser\u00e3o 120 vagas nos cursos de Administra\u00e7\u00e3o, Inform\u00e1tica e Log\u00edstica, distribu\u00eddas entre os munic\u00edpios de S\u00e3o Jos\u00e9 dos Campos, S\u00e3o Paulo e Sorocaba.<\/p>\n<p>Com dura\u00e7\u00e3o de tr\u00eas semestres, o programa ter\u00e1 aulas ministradas no per\u00edodo da tarde em Escolas T\u00e9cnicas Estaduais (Etecs) e escolas da Secretaria da Educa\u00e7\u00e3o que funcionam como classes descentralizadas das Etecs.<\/p>\n<p>Sele\u00e7\u00e3o e bolsa-aux\u00edlio<\/p>\n<p>Os alunos ser\u00e3o escolhidos de acordo com tr\u00eas crit\u00e9rios de sele\u00e7\u00e3o e classifica\u00e7\u00e3o: candidatos benefici\u00e1rios de programas sociais; rendimento em l\u00edngua portuguesa e matem\u00e1tica no primeiro ano do Ensino M\u00e9dio em 2017; e frequ\u00eancia.<\/p>\n<p>Estudantes que cursaram o Ensino Fundamental integralmente em rede p\u00fablica tamb\u00e9m ter\u00e3o prefer\u00eancia no preenchimento das vagas. A primeira lista de convocados ser\u00e1 divulgada no dia 20 de fevereiro. Os aprovados receber\u00e3o bolsa-aux\u00edlio.<\/p>\n<p> Do Portal do Governo SP <\/p>\n","protected":false},"excerpt":{"rendered":"<p>As inscri\u00e7\u00f5es para o programa de dupla forma\u00e7\u00e3o MedioTec est\u00e3o abertas at\u00e9 o dia 14 de fevereiro e podem ser feitas pela\u00a0. Alunos matriculados no segundo ano do Ensino M\u00e9dio de escolas da Secretaria da Educa\u00e7\u00e3o do Estado de S\u00e3o Paulo poder\u00e3o, a partir de mar\u00e7o, fazer um curso t\u00e9cnico do Centro Paula Souza (CPS) [&hellip;]<\/p>\n","protected":false},"author":2,"featured_media":28951,"comment_status":"open","ping_status":"closed","sticky":false,"template":"","format":"standard","meta":{"tdm_status":"","tdm_grid_status":"","footnotes":""},"categories":[22,351,370],"tags":[],"class_list":{"0":"post-133614","1":"post","2":"type-post","3":"status-publish","4":"format-standard","5":"has-post-thumbnail","7":"category-brasil","8":"category-cursos","9":"category-inscricao"},"_links":{"self":[{"href":"https:\/\/migracao.redenoticia.com.br\/noticia\/wp-json\/wp\/v2\/posts\/133614","targetHints":{"allow":["GET"]}}],"collection":[{"href":"https:\/\/migracao.redenoticia.com.br\/noticia\/wp-json\/wp\/v2\/posts"}],"about":[{"href":"https:\/\/migracao.redenoticia.com.br\/noticia\/wp-json\/wp\/v2\/types\/post"}],"author":[{"embeddable":true,"href":"https:\/\/migracao.redenoticia.com.br\/noticia\/wp-json\/wp\/v2\/users\/2"}],"replies":[{"embeddable":true,"href":"https:\/\/migracao.redenoticia.com.br\/noticia\/wp-json\/wp\/v2\/comments?post=133614"}],"version-history":[{"count":0,"href":"https:\/\/migracao.redenoticia.com.br\/noticia\/wp-json\/wp\/v2\/posts\/133614\/revisions"}],"wp:featuredmedia":[{"embeddable":true,"href":"https:\/\/migracao.redenoticia.com.br\/noticia\/wp-json\/wp\/v2\/media\/28951"}],"wp:attachment":[{"href":"https:\/\/migracao.redenoticia.com.br\/noticia\/wp-json\/wp\/v2\/media?parent=133614"}],"wp:term":[{"taxonomy":"category","embeddable":true,"href":"https:\/\/migracao.redenoticia.com.br\/noticia\/wp-json\/wp\/v2\/categories?post=133614"},{"taxonomy":"post_tag","embeddable":true,"href":"https:\/\/migracao.redenoticia.com.br\/noticia\/wp-json\/wp\/v2\/tags?post=133614"}],"curies":[{"name":"wp","href":"https:\/\/api.w.org\/{rel}","templated":true}]}}