{"id":133620,"date":"2018-02-05T00:40:13","date_gmt":"2018-02-05T02:40:13","guid":{"rendered":"https:\/\/www.redenoticia.com.br\/noticia\/?p=133620"},"modified":"2018-02-04T16:39:41","modified_gmt":"2018-02-04T18:39:41","slug":"febre-amarela-principais-duvidas-sobre-a-doenca","status":"publish","type":"post","link":"https:\/\/migracao.redenoticia.com.br\/noticia\/2018\/febre-amarela-principais-duvidas-sobre-a-doenca\/133620","title":{"rendered":"Febre Amarela: principais d\u00favidas sobre a doen\u00e7a"},"content":{"rendered":"<p> Confira as principais d\u00favidas sobre a <em><strong>febre amarela<\/strong><\/em> e previna-se:<\/p>\n<p>1. O que \u00e9 Febre Amarela (FA)?<\/p>\n<p>A febre amarela \u00e9 uma doen\u00e7a viral aguda, imunopreven\u00edvel, transmitida ao homem e a primatas n\u00e3o humanos (macacos) atrav\u00e9s da picada de mosquitos infectados.<\/p>\n<p>2. Onde ocorre a febre amarela?<\/p>\n<p>A febre amarela \u00e9 uma doen\u00e7a considerada end\u00eamica na regi\u00e3o amaz\u00f4nica. Nos \u00faltimos anos, no entanto, foram registrados casos em outras regi\u00f5es do pa\u00eds, como nos estados de S\u00e3o Paulo, Minas Gerais e Rio de Janeiro.<\/p>\n<p>3. Qual \u00e9 a diferen\u00e7a entre a febre amarela silvestre e febre amarela urbana?<\/p>\n<p>O v\u00edrus transmitido \u00e9 o mesmo, assim como a doen\u00e7a que se manifesta nos dois casos. A principal diferen\u00e7a \u00e9 o vetor de transmiss\u00e3o. A febre amarela silvestre \u00e9 transmitida pelos mosquitos dos g\u00eaneros Haemagogus e Sabethes, que vivem em \u00e1reas de mata, rurais ou ribeirinhas. J\u00e1 a febre amarela urbana \u2013 que n\u00e3o ocorre no Brasil desde 1942 \u2013 tem como vetor o Aedes Aegypti, o mesmo da dengue.<\/p>\n<p>4. A febre amarela \u00e9 contagiosa?<\/p>\n<p>N\u00e3o. A infec\u00e7\u00e3o ocorre somente atrav\u00e9s da picada do mosquito infectado. A doen\u00e7a n\u00e3o \u00e9 transmitida de pessoa para pessoa, nem de macacos para pessoas.<\/p>\n<p>5. Como uma pessoa pode ser infectada pela febre amarela silvestre?<\/p>\n<p>Se o homem frequentar uma \u00e1rea de mata onde o v\u00edrus circula e for picado por mosquitos infectados, pode contrair a doen\u00e7a.<\/p>\n<p>6. E os macacos, eles transmitem febre amarela?<\/p>\n<p>Os macacos n\u00e3o s\u00e3o respons\u00e1veis pela transmiss\u00e3o. Esses animais s\u00e3o sentinelas e ajudam o poder p\u00fablico a definir as a\u00e7\u00f5es de preven\u00e7\u00e3o, j\u00e1 que as epizootias (morte ou adoecimento de macacos) ajudam a identificar a presen\u00e7a do v\u00edrus em determinada regi\u00e3o.<\/p>\n<p>7. Como se prevenir contra a transmiss\u00e3o da febre amarela?<\/p>\n<p>A principal forma de preven\u00e7\u00e3o \u00e9 por meio da vacina\u00e7\u00e3o. Se a pessoa n\u00e3o for vacinada, \u00e9 recomend\u00e1vel utilizar repelente e evitar o deslocamento ou perman\u00eancia em \u00e1reas onde o v\u00edrus circula.<\/p>\n<p>8. Quantas doses da vacina \u00e9 preciso tomar? Qual a diferen\u00e7a da dose padr\u00e3o (dose total) e fracionada?<\/p>\n<p>Na vacina padr\u00e3o (plena), a dose \u00e9 \u00fanica e v\u00e1lida para a vida toda.<\/p>\n<p>J\u00e1 a dose fracionada, que est\u00e1 sendo ofertada na campanha nacional de vacina\u00e7\u00e3o contra a febre amarela, protege por pelo menos 8 anos. Com o fracionamento, o frasco convencionalmente utilizado na rede p\u00fablica pode ser subdividido em at\u00e9 cinco partes, sendo aplicado 0,1 ml da vacina. A dose fracionada foi adotada pelo Minist\u00e9rio da Sa\u00fade diante dos novos casos que surgiram em diversas regi\u00f5es do pa\u00eds, como alternativa para ampliar a capacidade de imuniza\u00e7\u00e3o nos estados com surto da doen\u00e7a.<\/p>\n<p>No estado de S\u00e3o Paulo, a campanha acontece de 25 de janeiro a 17 de fevereiro, com o objetivo de antecipar a imuniza\u00e7\u00e3o em regi\u00f5es onde o v\u00edrus n\u00e3o est\u00e1 circulando.<\/p>\n<p>9. Quem deve se vacinar contra a febre amarela?<\/p>\n<p>A vacina \u00e9 recomendada para moradores ou pessoas que se deslocam para \u00e1reas com circula\u00e7\u00e3o do v\u00edrus no Brasil e aos viajantes para os pa\u00edses com risco de transmiss\u00e3o de febre amarela. Confira no link\u00a0\u00a0quais munic\u00edpios brasileiros t\u00eam recomenda\u00e7\u00e3o tempor\u00e1ria ou permanente para vacina\u00e7\u00e3o.<\/p>\n<p>10. Com qual anteced\u00eancia devo me vacinar se for viajar para uma \u00e1rea considerada de risco?<\/p>\n<p>\u00c9 importante que a vacina\u00e7\u00e3o ocorra dez dias antes da viagem. Esse \u00e9 o tempo necess\u00e1rio para o organismo produzir os anticorpos contra a doen\u00e7a.<\/p>\n<p>11. Quais locais est\u00e3o inclusos na campanha de vacina\u00e7\u00e3o fracionada no Estado de S\u00e3o Paulo?<\/p>\n<p>A vacina\u00e7\u00e3o ocorre no estado de S\u00e3o Paulo at\u00e9 o dia 17 de fevereiro em 53 munic\u00edpios e mais 20 distritos da capital.<\/p>\n<p>Munic\u00edpios: Diadema, Mau\u00e1, Ribeir\u00e3o Pires, Rio Grande da Serra, Santo Andr\u00e9, S\u00e3o Bernardo do Campo, S\u00e3o Caetano do Sul, Bertioga, Cubat\u00e3o, Guaruj\u00e1, Itanha\u00e9m, Mongagu\u00e1, Peru\u00edbe, Praia Grande, Santos, S\u00e3o Vicente, Ca\u00e7apava, Igarat\u00e1, Jacare\u00ed, Jambeiro, Monteiro Lobato, Paraibuna, Santa Branca, S\u00e3o Jos\u00e9<\/p>\n<p>dos Campos, Caraguatatuba, Ilhabela, S\u00e3o Sebasti\u00e3o, Ubatuba, Aparecida, Arape\u00ed, Areias, Bananal, Cachoeira Paulista, Canas, Cruzeiro, Cunha, Lagoinha, Lavrinhas, Guaratinguet\u00e1, Lorena, Natividade da Serra, Pindamonhangaba, Piquete, Potim, Queluz, Reden\u00e7\u00e3o da Serra, Roseira, S\u00e3o Bento do Sapuca\u00ed, S\u00e3o Jos\u00e9 do Barreiro, S\u00e3o Luiz do Paraitinga, Silveiras, Taubat\u00e9, Trememb\u00e9<\/p>\n<p>Distritos da capital: Campo Limpo, Cap\u00e3o Redondo, Cidade Ademar, Cidade Dutra, Cursino, Graja\u00fa, Jabaquara, Jardim S\u00e3o Lu\u00eds, Pedreira, Sacom\u00e3, Socorro e Vila Andrade, Cidade L\u00edder, Cidade Tiradentes, Guaianazes, Iguatemi, Jos\u00e9 Bonif\u00e1cio, Parque do Carmo, S\u00e3o Mateus e S\u00e3o Rafael.<\/p>\n<p>12. Por que estes munic\u00edpios fazem parte desta campanha de vacina\u00e7\u00e3o fracionada?<\/p>\n<p>Ainda n\u00e3o foi identificada a circula\u00e7\u00e3o do v\u00edrus nesses locais. No entanto, mapeamento realizado pela Secretaria da Sa\u00fade apontou que essas s\u00e3o \u00e1reas suscet\u00edveis \u00e0 circula\u00e7\u00e3o da doen\u00e7a. As localidades foram definidas por crit\u00e9rios epidemiol\u00f3gicos ap\u00f3s an\u00e1lises t\u00e9cnicas e de campo feitas pela divis\u00e3o de zoonoses do Centro de Vigil\u00e2ncia Epidemiol\u00f3gica (CVE) e pela Superintend\u00eancia de Controle de Endemias (Sucen).<\/p>\n<p>13. Quem n\u00e3o pode tomar a vacina?<\/p>\n<p>\u2013 Crian\u00e7as menores com at\u00e9 nove meses de idade;<\/p>\n<p>\u2013 Mulheres amamentando crian\u00e7as menores de seis meses de idade;<\/p>\n<p>\u2013 Pessoas com alergia grave a ovo;<\/p>\n<p>\u2013 Pessoas que vivem com HIV e que t\u00eam contagem de c\u00e9lulas CD4 menor que 350;<\/p>\n<p>\u2013 Pessoas em tratamento de quimioterapia e\/ou radioterapia;<\/p>\n<p>\u2013 Pessoas portadoras de doen\u00e7as autoimunes; e<\/p>\n<p>\u2013 Pessoas submetidas a tratamento com imunossupressores (que diminuem a defesa do organismo).<\/p>\n<p>14. Quem deve receber a dose padr\u00e3o da vacina contra a febre amarela?<\/p>\n<p>\u2013 Pessoas que vivem com HIV e que t\u00eam contagem de c\u00e9lulas CD4 menor que 350;<\/p>\n<p>\u2013 Pessoas que terminaram tratamento de quimioterapia e radioterapia;<\/p>\n<p>\u2013 Pessoas com doen\u00e7as hematol\u00f3gicas (do sangue);<\/p>\n<p>\u2013 Gr\u00e1vidas;<\/p>\n<p>\u2013 Crian\u00e7as entre nove meses e dois anos de idade;<\/p>\n<p>\u2013 Viajantes internacionais \u2013 O Regulamento Sanit\u00e1rio Internacional (RSI) ainda n\u00e3o autorizou a utiliza\u00e7\u00e3o da dose fracionada para a emiss\u00e3o do Certificado Internacional de Vacina\u00e7\u00e3o e Profilaxia (CIVP). Para receber a dose padr\u00e3o, dever\u00e1 ser apresentado, no ato da vacina\u00e7\u00e3o, comprovante de viagem (boleto de passagem \u00e1rea ou hotel, convite para participa\u00e7\u00e3o em eventos internacionais, entre outros) para pa\u00edses que exijam o CIVP.<\/p>\n<p>15. Onde posso tomar a vacina?<\/p>\n<p>Nas Unidades B\u00e1sicas de Sa\u00fade (UBSs) de refer\u00eancia de cada munic\u00edpio e nos ambulat\u00f3rios dos viajantes dos Centros de Refer\u00eancia para Imunobiol\u00f3gicos Especiais (CRIEs). Mais informa\u00e7\u00f5es sobre os locais dispon\u00edvel no link: www.cve.saude.sp.gov.br.<\/p>\n<p>16. As pessoas que tomarem a dose fracionada receber\u00e3o o Certificado Internacional de Vacina\u00e7\u00e3o e Profilaxia (CIVP)?<\/p>\n<p>N\u00e3o. Pessoas que ir\u00e3o viajar para pa\u00edses que exigem o CIVP dever\u00e3o receber a dose padr\u00e3o, pois somente essa \u00e9 v\u00e1lida e d\u00e1 direito a emiss\u00e3o do certificado.<\/p>\n<p>17. Como ser\u00e3o identificadas as pessoas que receberem a dose fracionada da vacina contra a febre amarela?<\/p>\n<p>O Minist\u00e9rio da Sa\u00fade disponibilizar\u00e1 aos estados etiquetas adesivas para a identifica\u00e7\u00e3o da dose fracionada. A etiqueta deve ser preenchida e fixada na caderneta de vacina\u00e7\u00e3o.<\/p>\n<p>18. Existe um maior risco de ocorr\u00eancia de eventos adversos com uma dose fracionada da vacina?<\/p>\n<p>N\u00e3o. A composi\u00e7\u00e3o da dose fracionada \u00e9 a mesma da vacina padr\u00e3o. Os dois tipos de doses s\u00e3o igualmente seguros e eficazes. N\u00e3o h\u00e1 evid\u00eancias de aumento de eventos adversos ao usar uma dose fracionada.<\/p>\n<p>19. Posso apresentar rea\u00e7\u00e3o ap\u00f3s a aplica\u00e7\u00e3o da vacina?<\/p>\n<p>A rea\u00e7\u00e3o mais frequente \u00e9 sentir dor de intensidade leve ou moderada no local de aplica\u00e7\u00e3o, durante um ou dois dias. Outros sintomas, considerados sem gravidade, s\u00e3o: febre com dura\u00e7\u00e3o de at\u00e9 sete dias, dor de cabe\u00e7a e dor no corpo.<\/p>\n<p>Embora raros, eventos adversos graves podem ocorrer se a vacina for aplicada em pessoas com contraindica\u00e7\u00e3o, podendo, inclusive, levar \u00e0 morte. Por isso, \u00e9 fundamental que a vacina seja destinada a quem precisa, e que as pessoas consultem seu m\u00e9dico, em caso de d\u00favidas.<\/p>\n<p>20. Ap\u00f3s a infec\u00e7\u00e3o pelo v\u00edrus da febre amarela, quanto tempo leva para a doen\u00e7a ficar aparente (iniciar os sintomas)?<\/p>\n<p>Em m\u00e9dia, de tr\u00eas a seis dias ap\u00f3s a picada do mosquito transmissor infectado. Mas pode levar at\u00e9 15 dias para o surgimento dos primeiros sintomas.<\/p>\n<p>21. Quais s\u00e3o os sintomas da doen\u00e7a?<\/p>\n<p>\u2013 Febre de in\u00edcio s\u00fabito;<\/p>\n<p>\u2013 Calafrios;<\/p>\n<p>\u2013 Dor de cabe\u00e7a;<\/p>\n<p>\u2013 Dores nas costas;<\/p>\n<p>\u2013 Dores no corpo;<\/p>\n<p>\u2013 N\u00e1useas, v\u00f4mitos;<\/p>\n<p>\u2013 Fadiga;<\/p>\n<p>\u2013 Fraqueza;<\/p>\n<p>\u2013 Icter\u00edcia (colora\u00e7\u00e3o amarelada da pele e do branco dos olhos); e<\/p>\n<p>\u2013 Sangramentos.<\/p>\n<p>22. O que devo fazer se apresentar os sintomas?<\/p>\n<p>Procurar um m\u00e9dico na unidade de sa\u00fade mais pr\u00f3xima e informar sobre qualquer viagem ou deslocamento para \u00e1reas de risco nos 15 dias anteriores ao in\u00edcio dos sintomas.<\/p>\n<p>23.Todas as pessoas que v\u00e3o viajar para S\u00e3o Paulo, Rio de Janeiro e Bahia precisam se vacinar?<\/p>\n<p>\u00c9 necess\u00e1rio avaliar, com precis\u00e3o, as regi\u00f5es por onde o viajante vai se deslocar nesses estados, pois existem as seguintes situa\u00e7\u00f5es a serem consideradas:<\/p>\n<p>\u2013 \u00c1rea Com Recomenda\u00e7\u00e3o de Vacina\u00e7\u00e3o (ACRV): \u00c1rea com registro hist\u00f3rico de febre amarela silvestre e, portanto, com recomenda\u00e7\u00e3o permanente de vacina\u00e7\u00e3o.<\/p>\n<p>\u2013 \u00c1rea Sem Recomenda\u00e7\u00e3o de Vacina\u00e7\u00e3o (ASRV): \u00c1rea sem registro hist\u00f3rico de febre amarela silvestre e, portanto, sem recomenda\u00e7\u00e3o de vacina\u00e7\u00e3o.<\/p>\n<p>\u2013 \u00c1rea de Recomenda\u00e7\u00e3o de Vacina\u00e7\u00e3o Parcial (ASRVP): \u00c1rea afetada quando registrada em regi\u00f5es metropolitanas, com grandes centros urbanos e elevados contingentes populacionais, para efeito de prioriza\u00e7\u00e3o das popula\u00e7\u00f5es sob maior risco e prioriza\u00e7\u00e3o da vacina\u00e7\u00e3o para bloqueio de foco.<\/p>\n<p> Do Portal do Governo SP <\/p>\n","protected":false},"excerpt":{"rendered":"<p>Confira as principais d\u00favidas sobre a febre amarela e previna-se: 1. O que \u00e9 Febre Amarela (FA)? A febre amarela \u00e9 uma doen\u00e7a viral aguda, imunopreven\u00edvel, transmitida ao homem e a primatas n\u00e3o humanos (macacos) atrav\u00e9s da picada de mosquitos infectados. 2. Onde ocorre a febre amarela? A febre amarela \u00e9 uma doen\u00e7a considerada end\u00eamica [&hellip;]<\/p>\n","protected":false},"author":2,"featured_media":40847,"comment_status":"open","ping_status":"closed","sticky":false,"template":"","format":"standard","meta":{"tdm_status":"","tdm_grid_status":"","footnotes":""},"categories":[22,5],"tags":[],"class_list":{"0":"post-133620","1":"post","2":"type-post","3":"status-publish","4":"format-standard","5":"has-post-thumbnail","7":"category-brasil","8":"category-saude-e-vida"},"_links":{"self":[{"href":"https:\/\/migracao.redenoticia.com.br\/noticia\/wp-json\/wp\/v2\/posts\/133620","targetHints":{"allow":["GET"]}}],"collection":[{"href":"https:\/\/migracao.redenoticia.com.br\/noticia\/wp-json\/wp\/v2\/posts"}],"about":[{"href":"https:\/\/migracao.redenoticia.com.br\/noticia\/wp-json\/wp\/v2\/types\/post"}],"author":[{"embeddable":true,"href":"https:\/\/migracao.redenoticia.com.br\/noticia\/wp-json\/wp\/v2\/users\/2"}],"replies":[{"embeddable":true,"href":"https:\/\/migracao.redenoticia.com.br\/noticia\/wp-json\/wp\/v2\/comments?post=133620"}],"version-history":[{"count":0,"href":"https:\/\/migracao.redenoticia.com.br\/noticia\/wp-json\/wp\/v2\/posts\/133620\/revisions"}],"wp:featuredmedia":[{"embeddable":true,"href":"https:\/\/migracao.redenoticia.com.br\/noticia\/wp-json\/wp\/v2\/media\/40847"}],"wp:attachment":[{"href":"https:\/\/migracao.redenoticia.com.br\/noticia\/wp-json\/wp\/v2\/media?parent=133620"}],"wp:term":[{"taxonomy":"category","embeddable":true,"href":"https:\/\/migracao.redenoticia.com.br\/noticia\/wp-json\/wp\/v2\/categories?post=133620"},{"taxonomy":"post_tag","embeddable":true,"href":"https:\/\/migracao.redenoticia.com.br\/noticia\/wp-json\/wp\/v2\/tags?post=133620"}],"curies":[{"name":"wp","href":"https:\/\/api.w.org\/{rel}","templated":true}]}}