{"id":1337,"date":"2009-05-07T16:18:09","date_gmt":"2009-05-07T20:18:09","guid":{"rendered":"http:\/\/www.redenoticia.com.br\/noticia\/?p=1337"},"modified":"2009-05-07T16:18:09","modified_gmt":"2009-05-07T20:18:09","slug":"casos-de-malaria-em-rondonia-reduz-133","status":"publish","type":"post","link":"https:\/\/migracao.redenoticia.com.br\/noticia\/2009\/casos-de-malaria-em-rondonia-reduz-133\/1337","title":{"rendered":"Casos de mal\u00e1ria em Rond\u00f4nia reduz 13,3%"},"content":{"rendered":"<p><label class=\"arialBold12CinzaClaro\"> <\/label><\/p>\n<p><span style=\"font-family: Arial;\">O Amazonas conseguiu reduzir em 43,5% os casos de mal\u00e1ria nos primeiros dois meses deste ano em compara\u00e7\u00e3o ao mesmo per\u00edodo do exerc\u00edcio anterior. Os dados s\u00e3o do Sistema de Informa\u00e7\u00f5es de Vigil\u00e2ncia Epidemiol\u00f3gica (Sivep) do Minist\u00e9rio da Sa\u00fade e mostram queda superior a 9 mil casos em 2009. Entre janeiro e fevereiro de 2008 foram registrados 19.387. J\u00e1 nos dois primeiros meses deste ano o n\u00famero chegou a 10.957.<\/p>\n<p>Os resultados foram apresentados na quarta-feira (6), pela Funda\u00e7\u00e3o de Vigil\u00e2ncia em Sa\u00fade (FVS), durante a 2\u00aa Reuni\u00e3o de avalia\u00e7\u00e3o das a\u00e7\u00f5es de controle das doen\u00e7as transmitidas por vetores, realizada pelo Minist\u00e9rio da Sa\u00fade em Manaus. O evento re\u00fane profissionais da \u00e1rea de sa\u00fade de toda a Amaz\u00f4nia Legal e discute tamb\u00e9m as a\u00e7\u00f5es de controle da leishmaniose e da doen\u00e7a de Chagas em todos os estado da Amaz\u00f4nia.<\/span><\/p>\n<p><span style=\"font-family: Arial;\">Dentre os seis estados da Amaz\u00f4nia Legal que concentram 97% do total de casos do pa\u00eds, o Amazonas foi o que obteve o maior percentual de redu\u00e7\u00e3o da doen\u00e7a, seguido de Roraima (36%), Amap\u00e1 (16,3%), Acre (15,3%), Rond\u00f4nia (13,3%) e Par\u00e1 (2,6%). Em toda a Amaz\u00f4nia foram registrados 40.551 casos da doen\u00e7a nos dois primeiros meses deste ano, contra 52.170 casos no mesmo per\u00edodo do ano passado, uma redu\u00e7\u00e3o de 22,3%.<\/p>\n<p>Segundo o secret\u00e1rio de Estado da Sa\u00fade, Agnaldo Costa, o sucesso na redu\u00e7\u00e3o de casos de mal\u00e1ria no estado \u00e9 resultado das a\u00e7\u00f5es executadas pela FVS, unidade respons\u00e1vel pelo controle das endemias no estado, dentro do Plano Plurianual de Controle da Mal\u00e1ria, lan\u00e7ado pelo Governo do Estado em 2007 e cuja meta \u00e9 reduzir a doen\u00e7a em 70% at\u00e9 2010, tendo com base o ano de 2006, quando foram registrados 200 mil casos de mal\u00e1ria em todo o estado.<\/p>\n<p>As a\u00e7\u00f5es do plano est\u00e3o sendo desenvolvidas simultaneamente em Manaus e em 40 munic\u00edpios do interior do estado com maior incid\u00eancia da mal\u00e1ria.<\/p>\n<p><strong><span style=\"font-family: Arial;\">A\u00e7\u00f5es<\/span><\/strong><strong><\/p>\n<p><\/strong>Estrat\u00e9gias in\u00e9ditas no pa\u00eds foram introduzidas \u00e0s a\u00e7\u00f5es de controle e combate da mal\u00e1ria no estado. Entre elas est\u00e1 a utiliza\u00e7\u00e3o de mosquiteiros e telas de prote\u00e7\u00e3o impregnados com inseticida, que servem para prote\u00e7\u00e3o individual de pessoas que residem em \u00e1reas de alto risco. O instrumento j\u00e1 \u00e9 utilizado em regi\u00f5es da \u00c1frica com alta incid\u00eancia de mal\u00e1ria.<\/p>\n<p>A inclus\u00e3o de um novo inseticida para borrifa\u00e7\u00e3o intradomiciliar tamb\u00e9m \u00e9 uma das estrat\u00e9gias adotadas pela FVS. O produto, de fabrica\u00e7\u00e3o francesa, tem como vantagens o alcance de melhores resultados e a redu\u00e7\u00e3o de riscos de alergias quando aplicado nas paredes internas das casas, local de pouso dos mosquitos transmissores.<\/span><\/p>\n<p class=\"MsoNormal\"><span style=\"font-family: Arial;\"> <\/span><\/p>\n<p><span style=\"font-family: Arial;\">A amplia\u00e7\u00e3o da rede de diagn\u00f3stico e tratamento na capital e no interior tamb\u00e9m fez parte das a\u00e7\u00f5es do Plano, com a instala\u00e7\u00e3o de mais 500 unidades, facilitando o acesso da popula\u00e7\u00e3o ao exame para diagn\u00f3stico da doen\u00e7a. Al\u00e9m disso, toda a rede p\u00fablica de sa\u00fade (municipal e estadual) est\u00e1 preparada para oferecer diagn\u00f3stico e tratamento da doen\u00e7a.<\/span><\/p>\n<p style=\"margin-bottom: 12pt;\"><span style=\"font-family: Arial;\">Nas localidades mais distantes, o teste \u00e9 feito pelo m\u00e9todo de diagn\u00f3stico r\u00e1pido, que dispensa o uso do microsc\u00f3pio e permite resultado imediato. Cinco p\u00f3los descentralizados para apoio t\u00e9cnico e log\u00edstico foram implantados em Tabatinga, L\u00e1brea, Eirunep\u00e9, Parintins e Tef\u00e9. <\/span><\/p>\n<p class=\"MsoNormal\"><span style=\"font-family: Arial;\">Fonte: Da reda\u00e7\u00e3o do Portal Amaz\u00f4nia, com informa\u00e7\u00e3oes da assessoria &#8211; AL <\/span><\/p>\n<p class=\"MsoNormal\"><span style=\"font-family: Arial;\"><span> <\/span><\/span><\/p>\n","protected":false},"excerpt":{"rendered":"<p>O Amazonas conseguiu reduzir em 43,5% os casos de mal\u00e1ria nos primeiros dois meses deste ano em compara\u00e7\u00e3o ao mesmo per\u00edodo do exerc\u00edcio anterior. Os dados s\u00e3o do Sistema de Informa\u00e7\u00f5es de Vigil\u00e2ncia Epidemiol\u00f3gica (Sivep) do Minist\u00e9rio da Sa\u00fade e mostram queda superior a 9 mil casos em 2009. Entre janeiro e fevereiro de 2008 [&hellip;]<\/p>\n","protected":false},"author":3,"featured_media":0,"comment_status":"open","ping_status":"open","sticky":false,"template":"","format":"standard","meta":{"tdm_status":"","tdm_grid_status":"","footnotes":""},"categories":[22],"tags":[],"class_list":{"0":"post-1337","1":"post","2":"type-post","3":"status-publish","4":"format-standard","6":"category-brasil"},"_links":{"self":[{"href":"https:\/\/migracao.redenoticia.com.br\/noticia\/wp-json\/wp\/v2\/posts\/1337","targetHints":{"allow":["GET"]}}],"collection":[{"href":"https:\/\/migracao.redenoticia.com.br\/noticia\/wp-json\/wp\/v2\/posts"}],"about":[{"href":"https:\/\/migracao.redenoticia.com.br\/noticia\/wp-json\/wp\/v2\/types\/post"}],"author":[{"embeddable":true,"href":"https:\/\/migracao.redenoticia.com.br\/noticia\/wp-json\/wp\/v2\/users\/3"}],"replies":[{"embeddable":true,"href":"https:\/\/migracao.redenoticia.com.br\/noticia\/wp-json\/wp\/v2\/comments?post=1337"}],"version-history":[{"count":0,"href":"https:\/\/migracao.redenoticia.com.br\/noticia\/wp-json\/wp\/v2\/posts\/1337\/revisions"}],"wp:attachment":[{"href":"https:\/\/migracao.redenoticia.com.br\/noticia\/wp-json\/wp\/v2\/media?parent=1337"}],"wp:term":[{"taxonomy":"category","embeddable":true,"href":"https:\/\/migracao.redenoticia.com.br\/noticia\/wp-json\/wp\/v2\/categories?post=1337"},{"taxonomy":"post_tag","embeddable":true,"href":"https:\/\/migracao.redenoticia.com.br\/noticia\/wp-json\/wp\/v2\/tags?post=1337"}],"curies":[{"name":"wp","href":"https:\/\/api.w.org\/{rel}","templated":true}]}}