{"id":133711,"date":"2018-02-06T00:05:57","date_gmt":"2018-02-06T02:05:57","guid":{"rendered":"https:\/\/www.redenoticia.com.br\/noticia\/?p=133711"},"modified":"2018-02-05T22:12:02","modified_gmt":"2018-02-06T00:12:02","slug":"inpa-oferece-mestrado-em-agricultura-no-tropico-umido","status":"publish","type":"post","link":"https:\/\/migracao.redenoticia.com.br\/noticia\/2018\/inpa-oferece-mestrado-em-agricultura-no-tropico-umido\/133711","title":{"rendered":"Inpa oferece mestrado em Agricultura no Tr\u00f3pico \u00damido"},"content":{"rendered":"<p> Ag\u00eancia FAPESP\u00a0\u2013 Est\u00e3o abertas at\u00e9 o dia 9 de fevereiro as inscri\u00e7\u00f5es para o processo de sele\u00e7\u00e3o no <strong><em>mestrado em Agricultura<\/em><\/strong> no Tr\u00f3pico \u00damido do Instituto Nacional de Pesquisas da Amaz\u00f4nia (Inpa). O curso oferece tr\u00eas vagas para ingresso no semestre letivo que iniciar\u00e1 em mar\u00e7o de 2018.<\/p>\n<p>As linhas de pesquisa dispon\u00edveis e seus respectivos orientadores s\u00e3o: 1) Microbiologia do solo, com o professor Aleksander Wesphal Muniz; 2) Biotecnologia aplicada \u00e0 agricultura, com o professor Gilvan Ferreira da Silva; e 3) Fisiologia de plantas cultivadas, com o professor Ricardo Marenco. Caso haja nova disponibilidade de orienta\u00e7\u00f5es, poder\u00e3o ser abertas vagas adicionais, destinadas aos candidatos que tenham ficado em lista de espera.<\/p>\n<p>Os interessados em participar do processo seletivo poder\u00e3o realizar as inscri\u00e7\u00f5es pessoalmente, das 8 \u00e0s 12 horas, na Secretaria Adjunta da P\u00f3s-Gradua\u00e7\u00e3o, no campus III do Inpa, localizado na av. Ephigenio Salles, 2239, Manaus (acesso pela av. da Lua, s\/n\u00ba, do Conjunto Morada do Sol, Aleixo).<\/p>\n<p>A prova de conhecimento ser\u00e1 realizada no dia 26 de fevereiro, \u00e0s 8h30, na sala de aula do Programa de P\u00f3s-Gradua\u00e7\u00e3o em Agricultura no Tr\u00f3pico \u00damido (PPG-ATU). J\u00e1 a prova de l\u00edngua inglesa ser\u00e1 realizada \u00e0s 15h30 do mesmo dia.<\/p>\n<p>A lista de candidatos aprovados ser\u00e1 homologada pelo Conselho do Programa PPGATU e a divulga\u00e7\u00e3o da lista dos candidatos aprovados ser\u00e1 feita por meio de publica\u00e7\u00e3o no\u00a0, por ordem de classifica\u00e7\u00e3o, a partir de 28 de fevereiro.<\/p>\n<p>Mais informa\u00e7\u00f5es:\u00a0, pelos telefones (92) 3643-1844\/1838, ou ainda pelo e-mail\u00a0selecaoppgatu@gmail.com.<\/p>\n","protected":false},"excerpt":{"rendered":"<p>Ag\u00eancia FAPESP\u00a0\u2013 Est\u00e3o abertas at\u00e9 o dia 9 de fevereiro as inscri\u00e7\u00f5es para o processo de sele\u00e7\u00e3o no mestrado em Agricultura no Tr\u00f3pico \u00damido do Instituto Nacional de Pesquisas da Amaz\u00f4nia (Inpa). O curso oferece tr\u00eas vagas para ingresso no semestre letivo que iniciar\u00e1 em mar\u00e7o de 2018. As linhas de pesquisa dispon\u00edveis e seus [&hellip;]<\/p>\n","protected":false},"author":2,"featured_media":36246,"comment_status":"open","ping_status":"closed","sticky":false,"template":"","format":"standard","meta":{"tdm_status":"","tdm_grid_status":"","footnotes":""},"categories":[22,351,370],"tags":[],"class_list":{"0":"post-133711","1":"post","2":"type-post","3":"status-publish","4":"format-standard","5":"has-post-thumbnail","7":"category-brasil","8":"category-cursos","9":"category-inscricao"},"_links":{"self":[{"href":"https:\/\/migracao.redenoticia.com.br\/noticia\/wp-json\/wp\/v2\/posts\/133711","targetHints":{"allow":["GET"]}}],"collection":[{"href":"https:\/\/migracao.redenoticia.com.br\/noticia\/wp-json\/wp\/v2\/posts"}],"about":[{"href":"https:\/\/migracao.redenoticia.com.br\/noticia\/wp-json\/wp\/v2\/types\/post"}],"author":[{"embeddable":true,"href":"https:\/\/migracao.redenoticia.com.br\/noticia\/wp-json\/wp\/v2\/users\/2"}],"replies":[{"embeddable":true,"href":"https:\/\/migracao.redenoticia.com.br\/noticia\/wp-json\/wp\/v2\/comments?post=133711"}],"version-history":[{"count":0,"href":"https:\/\/migracao.redenoticia.com.br\/noticia\/wp-json\/wp\/v2\/posts\/133711\/revisions"}],"wp:featuredmedia":[{"embeddable":true,"href":"https:\/\/migracao.redenoticia.com.br\/noticia\/wp-json\/wp\/v2\/media\/36246"}],"wp:attachment":[{"href":"https:\/\/migracao.redenoticia.com.br\/noticia\/wp-json\/wp\/v2\/media?parent=133711"}],"wp:term":[{"taxonomy":"category","embeddable":true,"href":"https:\/\/migracao.redenoticia.com.br\/noticia\/wp-json\/wp\/v2\/categories?post=133711"},{"taxonomy":"post_tag","embeddable":true,"href":"https:\/\/migracao.redenoticia.com.br\/noticia\/wp-json\/wp\/v2\/tags?post=133711"}],"curies":[{"name":"wp","href":"https:\/\/api.w.org\/{rel}","templated":true}]}}