{"id":133720,"date":"2018-02-06T00:08:05","date_gmt":"2018-02-06T02:08:05","guid":{"rendered":"https:\/\/www.redenoticia.com.br\/noticia\/?p=133720"},"modified":"2018-02-05T22:12:21","modified_gmt":"2018-02-06T00:12:21","slug":"sobe-numero-de-mortos-pela-febre-amarela-no-rio-de-janeiro","status":"publish","type":"post","link":"https:\/\/migracao.redenoticia.com.br\/noticia\/2018\/sobe-numero-de-mortos-pela-febre-amarela-no-rio-de-janeiro\/133720","title":{"rendered":"Sobe n\u00famero de mortos pela febre amarela no Rio de Janeiro"},"content":{"rendered":"<p> Sobe para 21 o n\u00famero de mortos pela <strong><em>febre amarela<\/em><\/strong> no estado do Rio de Janeiro. De acordo com a Subsecretaria de Vigil\u00e2ncia em Sa\u00fade da Secretaria de Estado de Sa\u00fade em 2018 foram registrados 47 casos de febre amarela silvestre em humanos.<\/p>\n<p>Foram confirmados casos de febre amarela em macacos nas cidades de Niter\u00f3i, na Ilha Grande, em Angra dos Reis, Barra Mansa, Valen\u00e7a e em Miguel Pereira.<\/p>\n<p>Al\u00e9m de reafirmar que os macacos n\u00e3o s\u00e3o respons\u00e1veis pela transmiss\u00e3o da febre amarela, a secretaria recomenda \u00e0 popula\u00e7\u00e3o que ao localizar macacos mortos ou doentes &#8211; animal que apresenta comportamento anormal, que est\u00e1 afastado do grupo, com movimentos lentos &#8211; deve informar o mais r\u00e1pido poss\u00edvel \u00e0s secretarias de Sa\u00fade do munic\u00edpio ou do estado do Rio.<\/p>\n<p>A secretaria refor\u00e7a tamb\u00e9m a import\u00e2ncia das pessoas que ainda n\u00e3o se vacinaram buscarem um posto de sa\u00fade pr\u00f3ximo de casa para serem imunizadas.<\/p>\n<p> Douglas Corr\u00eaa &#8211; Rep\u00f3rter da Ag\u00eancia Brasil<br \/>\nEdi\u00e7\u00e3o: Fernando Fraga<br \/>\n06\/02\/2018<\/p>\n","protected":false},"excerpt":{"rendered":"<p>Sobe para 21 o n\u00famero de mortos pela febre amarela no estado do Rio de Janeiro. De acordo com a Subsecretaria de Vigil\u00e2ncia em Sa\u00fade da Secretaria de Estado de Sa\u00fade em 2018 foram registrados 47 casos de febre amarela silvestre em humanos. Foram confirmados casos de febre amarela em macacos nas cidades de Niter\u00f3i, [&hellip;]<\/p>\n","protected":false},"author":2,"featured_media":57579,"comment_status":"open","ping_status":"closed","sticky":false,"template":"","format":"standard","meta":{"tdm_status":"","tdm_grid_status":"","footnotes":""},"categories":[22,5],"tags":[],"class_list":{"0":"post-133720","1":"post","2":"type-post","3":"status-publish","4":"format-standard","5":"has-post-thumbnail","7":"category-brasil","8":"category-saude-e-vida"},"_links":{"self":[{"href":"https:\/\/migracao.redenoticia.com.br\/noticia\/wp-json\/wp\/v2\/posts\/133720","targetHints":{"allow":["GET"]}}],"collection":[{"href":"https:\/\/migracao.redenoticia.com.br\/noticia\/wp-json\/wp\/v2\/posts"}],"about":[{"href":"https:\/\/migracao.redenoticia.com.br\/noticia\/wp-json\/wp\/v2\/types\/post"}],"author":[{"embeddable":true,"href":"https:\/\/migracao.redenoticia.com.br\/noticia\/wp-json\/wp\/v2\/users\/2"}],"replies":[{"embeddable":true,"href":"https:\/\/migracao.redenoticia.com.br\/noticia\/wp-json\/wp\/v2\/comments?post=133720"}],"version-history":[{"count":0,"href":"https:\/\/migracao.redenoticia.com.br\/noticia\/wp-json\/wp\/v2\/posts\/133720\/revisions"}],"wp:featuredmedia":[{"embeddable":true,"href":"https:\/\/migracao.redenoticia.com.br\/noticia\/wp-json\/wp\/v2\/media\/57579"}],"wp:attachment":[{"href":"https:\/\/migracao.redenoticia.com.br\/noticia\/wp-json\/wp\/v2\/media?parent=133720"}],"wp:term":[{"taxonomy":"category","embeddable":true,"href":"https:\/\/migracao.redenoticia.com.br\/noticia\/wp-json\/wp\/v2\/categories?post=133720"},{"taxonomy":"post_tag","embeddable":true,"href":"https:\/\/migracao.redenoticia.com.br\/noticia\/wp-json\/wp\/v2\/tags?post=133720"}],"curies":[{"name":"wp","href":"https:\/\/api.w.org\/{rel}","templated":true}]}}