{"id":134018,"date":"2018-02-08T15:05:36","date_gmt":"2018-02-08T17:05:36","guid":{"rendered":"https:\/\/www.redenoticia.com.br\/noticia\/?p=134018"},"modified":"2018-02-08T16:11:48","modified_gmt":"2018-02-08T18:11:48","slug":"resumo-novela-chiquititas-09-02-miguel-descobre-que-mili-e-sua-filha","status":"publish","type":"post","link":"https:\/\/migracao.redenoticia.com.br\/noticia\/2018\/resumo-novela-chiquititas-09-02-miguel-descobre-que-mili-e-sua-filha\/134018","title":{"rendered":"Resumo novela \u201cChiquititas\u201d 09\/02: Miguel descobre que Mili \u00e9 sua filha"},"content":{"rendered":"<p><img loading=\"lazy\" decoding=\"async\" class=\"alignleft size-thumbnail wp-image-49690\" src=\"https:\/\/migracao.redenoticia.com.br\/noticia\/imagens\/chiquititas1-150x112.jpg\" alt=\"chiquititas\" width=\"150\" height=\"112\" \/><strong><em>Resumo novela \u201cChiquititas\u201d 09\/02<\/em><\/strong>: no cap\u00edtulo 369(*) da novela \u201cChiquititas\u201d, resumo de sexta-feira, 09 de fevereiro, Mili encontra o sinal da rosa em sua cama e vai falar com o fantasma (Miguel), ele explica que ter\u00e1 de ir embora, porque a Ernestina quase o pegou. Miguel olha para Mili e v\u00ea o colar. Miguel fica at\u00f4nito e explica que o colar se parece muito com o que ele deu a uma pessoa especial. Eles se abra\u00e7am e ele chora. Ao olharem as fotos da casa sete no computador, as crian\u00e7as enxergam a sombra de uma crian\u00e7a. Fernando e Carol falam sobre o ci\u00fame de Junior. As crian\u00e7as pedem ajuda com a vizinha a Fernando. Os meninos tramam um plano contra os vizinhos. Fernando vai at\u00e9 a casa sete, se apresenta e pergunta se ela mora com mais algu\u00e9m. A vizinha o trata mal, fecha o port\u00e3o e entra. Sozinho, Miguel conclui que Mili \u00e9 sua filha e de Gabi. <\/p>\n<p>Miguel liga para Junior e combina de se encontrarem a noite. Carmem ouve escondida e descobre o endere\u00e7o onde Miguel est\u00e1. Eduarda est\u00e1 feliz que voltou a morar no apartamento de Maria Cec\u00edlia, mas se irrita ao perceber altera\u00e7\u00f5es no lar, como as fotos dela que foram tiradas para colocar no lugar as do casal. Samuca presenteia Vivi com um colar que na verdade \u00e9 uma inven\u00e7\u00e3o nova que ajuda a afinar e embelezar a voz da chiquitita, enquanto canta. Vivi agradece ao amigo. Ana, Tati, Teca e Neco estanham a apari\u00e7\u00e3o de algu\u00e9m na foto que tiraram na janela da \u201cVizinha da S\u00e9tima Casa\u201d, Helena. Chico instrui as crian\u00e7as a pararem de suposi\u00e7\u00f5es sobre a vizinha. Maria Cec\u00edlia e Tobias voltam pra casa e se deparam com as mudan\u00e7as feitas por Eduarda, que colocou suas fotos espalhadas pelo apartamento. <\/p>\n<p>Clarita sonha que Carol \u00e9 sua fada madrinha e a aconselha na escolha entre Beto e Francis. Mili diz para Maria que o \u201cFantasma\u201d, que na verdade \u00e9 Miguel, saiu dos por\u00f5es do orfanato por ser um lugar perigoso. Os capangas de Carmen capturam Miguel antes que ele consiga falar com Junior. Rafa tenta falar com Bel na escola, mas a menina n\u00e3o conversa com ele. Rafa diz para Janj\u00e3o, Tatu e Andr\u00e9 que sabe que foram eles que armaram pra ele se desentender com Bel. O garoto diz para eles aparecerem na sala de teatro se tiverem coragem. C\u00edcero diz que Eduarda pediu demiss\u00e3o no bar. Shirley releva ao namorado que brigou com Eduarda porque estava com ci\u00fame dela com ele. C\u00edcero presenteia Shirley, que est\u00e1 se sentindo triste por brigar injustamente com Eduarda, com um anel de compromisso.<\/p>\n<p>(*) edi\u00e7\u00e3o do SBT, Novela \u201cChiquititas\u201d, sujeito a altera\u00e7\u00e3o de data e conte\u00fado.<\/p>\n<p>Chiquititas gira em torno do orfanato Raio de Luz, que carrega em sua hist\u00f3ria um grande segredo envolvendo a fam\u00edlia e o dono do orfanato, Dr. Jos\u00e9 Ricardo Almeida Campos. Em um per\u00edodo anterior \u00e0 novela, exatos treze anos, sua filha Gabriela se apaixonou e ficou gr\u00e1vida de Miguel, filho de Valentina, empregada da casa dos Almeida Campos. Pouco depois, Jos\u00e9 Ricardo sequestrou sua neta, pois, como um homem conservador, ele n\u00e3o aceitava a ideia de que sua filha se envolvesse com um empregado. Como sua neta, Milena, apelidada como Mili, precisava de um lugar para morar, ele comprou um casar\u00e3o e fundou um orfanato, o Raio de Luz. <\/p>\n<p>Mili cresceu l\u00e1 com outras garotas que chegaram posteriormente: Bia, Ana, as irm\u00e3s Tati e Vivi, e Cris. Ao decorrer dos anos, elas se tornam uma fam\u00edlia. Elas s\u00e3o supervisionadas por Ernestina, zeladora do orfanato, e Chico, o cozinheiro amado pelas internas. Sofia, ex-governanta da fam\u00edlia Almeida Campos, \u00e9 a diretora do lugar, at\u00e9 que Carmem, irm\u00e3 de Jos\u00e9 Ricardo, entre em seu lugar. Chegam ainda mais \u00f3rf\u00e3os: Pata, Mosca, Binho e Rafa, que viviam nas ruas antes de entrarem na institui\u00e7\u00e3o. Pata e Mili tornam-se amigas rapidamente, enquanto Mosca, Binho e Rafa s\u00e3o os primeiros garotos a entrar no abrigo. As crian\u00e7as sem-teto foram ajudadas por uma doce e bela garota que tocam e mudam a vida delas, assim como as das garotas \u00f3rf\u00e3s.<\/p>\n","protected":false},"excerpt":{"rendered":"<p>Resumo novela \u201cChiquititas\u201d 09\/02: no cap\u00edtulo 369(*) da novela \u201cChiquititas\u201d, resumo de sexta-feira, 09 de fevereiro, Mili encontra o sinal da rosa em sua cama e vai falar com o fantasma (Miguel), ele explica que ter\u00e1 de ir embora, porque a Ernestina quase o pegou. Miguel olha para Mili e v\u00ea o colar. Miguel fica [&hellip;]<\/p>\n","protected":false},"author":4,"featured_media":49690,"comment_status":"open","ping_status":"closed","sticky":false,"template":"","format":"standard","meta":{"tdm_status":"","tdm_grid_status":"","footnotes":""},"categories":[409,379,372,343],"tags":[441],"class_list":{"0":"post-134018","1":"post","2":"type-post","3":"status-publish","4":"format-standard","5":"has-post-thumbnail","7":"category-chiquititas","8":"category-novelas","9":"category-sbt","10":"category-televisao","11":"tag-resumo-do-dia"},"_links":{"self":[{"href":"https:\/\/migracao.redenoticia.com.br\/noticia\/wp-json\/wp\/v2\/posts\/134018","targetHints":{"allow":["GET"]}}],"collection":[{"href":"https:\/\/migracao.redenoticia.com.br\/noticia\/wp-json\/wp\/v2\/posts"}],"about":[{"href":"https:\/\/migracao.redenoticia.com.br\/noticia\/wp-json\/wp\/v2\/types\/post"}],"author":[{"embeddable":true,"href":"https:\/\/migracao.redenoticia.com.br\/noticia\/wp-json\/wp\/v2\/users\/4"}],"replies":[{"embeddable":true,"href":"https:\/\/migracao.redenoticia.com.br\/noticia\/wp-json\/wp\/v2\/comments?post=134018"}],"version-history":[{"count":0,"href":"https:\/\/migracao.redenoticia.com.br\/noticia\/wp-json\/wp\/v2\/posts\/134018\/revisions"}],"wp:featuredmedia":[{"embeddable":true,"href":"https:\/\/migracao.redenoticia.com.br\/noticia\/wp-json\/wp\/v2\/media\/49690"}],"wp:attachment":[{"href":"https:\/\/migracao.redenoticia.com.br\/noticia\/wp-json\/wp\/v2\/media?parent=134018"}],"wp:term":[{"taxonomy":"category","embeddable":true,"href":"https:\/\/migracao.redenoticia.com.br\/noticia\/wp-json\/wp\/v2\/categories?post=134018"},{"taxonomy":"post_tag","embeddable":true,"href":"https:\/\/migracao.redenoticia.com.br\/noticia\/wp-json\/wp\/v2\/tags?post=134018"}],"curies":[{"name":"wp","href":"https:\/\/api.w.org\/{rel}","templated":true}]}}