{"id":134208,"date":"2018-03-09T20:13:23","date_gmt":"2018-03-09T23:13:23","guid":{"rendered":"https:\/\/www.redenoticia.com.br\/noticia\/?p=134208"},"modified":"2018-03-09T20:13:59","modified_gmt":"2018-03-09T23:13:59","slug":"novela-orgulho-e-paixao-personagens-e-elenco","status":"publish","type":"post","link":"https:\/\/migracao.redenoticia.com.br\/noticia\/2018\/novela-orgulho-e-paixao-personagens-e-elenco\/134208","title":{"rendered":"Novela &#8220;Orgulho e Paix\u00e3o&#8221;: personagens e elenco"},"content":{"rendered":"<p> <img loading=\"lazy\" decoding=\"async\" class=\"alignleft size-thumbnail wp-image-134200\" src=\"https:\/\/migracao.redenoticia.com.br\/noticia\/imagens\/orgulho-e-paixao-novela-globo-resumo-Foto-Joao-Miguel-junior-tv-globo-150x112.jpg\" alt=\"\" width=\"150\" height=\"112\" srcset=\"https:\/\/migracao.redenoticia.com.br\/noticia\/imagens\/orgulho-e-paixao-novela-globo-resumo-Foto-Joao-Miguel-junior-tv-globo-150x112.jpg 150w, https:\/\/migracao.redenoticia.com.br\/noticia\/imagens\/orgulho-e-paixao-novela-globo-resumo-Foto-Joao-Miguel-junior-tv-globo-265x198.jpg 265w\" sizes=\"auto, (max-width: 150px) 100vw, 150px\" \/><strong><em>Novela &#8220;Orgulho e Paix\u00e3o&#8221;<\/em><\/strong> personagens e elenco: uma nova novela das seis est\u00e1 chegando, e com ela um elenco especial! Ador\u00e1veis narrativas de amor e aventura inspiram a novela &#8220;Orgulho e Paix\u00e3o&#8221; escrita por Marcos Bernstein, com dire\u00e7\u00e3o art\u00edstica de Fred Mayrink. Livremente inspirada nos romances da escritora inglesa Jane Austen, Orgulho e Paix\u00e3o, traz uma narrativa leve e descontra\u00edda sobre os encontros e desencontros amorosos.<\/p>\n<p>Confira os principais personagens e elenco desta trama:<\/p>\n<p>Elisabeta (Nathalia Dill);<br \/>\nFelisberto (Tato Gabus Mendes);<br \/>\nOf\u00e9lia (Vera Holtz);<br \/>\nDarcy (Thiago Lacerda);<br \/>\nJane (Pamela Tom\u00e9);<br \/>\nCecilia (Ana Julia Dorigon);<br \/>\nLidia (Bruna Griph\u00e3o);<br \/>\nMariana (Chandelly Braz);<br \/>\nEma (Agatha Moreira);<br \/>\nAfr\u00e2nio (Ary Fontoura);<br \/>\nJulieta (Gabriela Duarte);<br \/>\nAur\u00e9lio (Marcelo Faria);<br \/>\nErnesto (Rodrigo Simas).<\/p>\n<p>Alessandra Negrini, Amauri Reis, Bruno Gissoni, Emmilio Moreira, Giordano Becheleni, Grace Giannoukas, Jairo Mattos, Joaquim Lopes, JP Rufino, Juliano Laham, Laila Zaid, Leticia Persiles, Marcelo Faria, Marcos Pitombo, Mauricio Destri, Miguel Romulo, Murilo Rosa, Oscar Magrini, Pedro Henrique Muller, Polly Marinho, Ricardo Tozzi, Silvio Guindane, Tammy di Calafiori, Tarcisio Meira, Tony Correia e Vania de Brito tamb\u00e9m fazem parte do elenco.<\/p>\n<p>Fonte &#8220;Orgulho e Paix\u00e3o&#8221; &#8211; Rede Globo<\/p>\n","protected":false},"excerpt":{"rendered":"<p>Novela &#8220;Orgulho e Paix\u00e3o&#8221; personagens e elenco: uma nova novela das seis est\u00e1 chegando, e com ela um elenco especial! Ador\u00e1veis narrativas de amor e aventura inspiram a novela &#8220;Orgulho e Paix\u00e3o&#8221; escrita por Marcos Bernstein, com dire\u00e7\u00e3o art\u00edstica de Fred Mayrink. Livremente inspirada nos romances da escritora inglesa Jane Austen, Orgulho e Paix\u00e3o, traz [&hellip;]<\/p>\n","protected":false},"author":2,"featured_media":134200,"comment_status":"open","ping_status":"closed","sticky":false,"template":"","format":"standard","meta":{"tdm_status":"","tdm_grid_status":"","footnotes":""},"categories":[379,467,375,343],"tags":[440],"class_list":{"0":"post-134208","1":"post","2":"type-post","3":"status-publish","4":"format-standard","5":"has-post-thumbnail","7":"category-novelas","8":"category-orgulho-e-paixao","9":"category-rede-globo","10":"category-televisao","11":"tag-noticia-novela"},"_links":{"self":[{"href":"https:\/\/migracao.redenoticia.com.br\/noticia\/wp-json\/wp\/v2\/posts\/134208","targetHints":{"allow":["GET"]}}],"collection":[{"href":"https:\/\/migracao.redenoticia.com.br\/noticia\/wp-json\/wp\/v2\/posts"}],"about":[{"href":"https:\/\/migracao.redenoticia.com.br\/noticia\/wp-json\/wp\/v2\/types\/post"}],"author":[{"embeddable":true,"href":"https:\/\/migracao.redenoticia.com.br\/noticia\/wp-json\/wp\/v2\/users\/2"}],"replies":[{"embeddable":true,"href":"https:\/\/migracao.redenoticia.com.br\/noticia\/wp-json\/wp\/v2\/comments?post=134208"}],"version-history":[{"count":0,"href":"https:\/\/migracao.redenoticia.com.br\/noticia\/wp-json\/wp\/v2\/posts\/134208\/revisions"}],"wp:featuredmedia":[{"embeddable":true,"href":"https:\/\/migracao.redenoticia.com.br\/noticia\/wp-json\/wp\/v2\/media\/134200"}],"wp:attachment":[{"href":"https:\/\/migracao.redenoticia.com.br\/noticia\/wp-json\/wp\/v2\/media?parent=134208"}],"wp:term":[{"taxonomy":"category","embeddable":true,"href":"https:\/\/migracao.redenoticia.com.br\/noticia\/wp-json\/wp\/v2\/categories?post=134208"},{"taxonomy":"post_tag","embeddable":true,"href":"https:\/\/migracao.redenoticia.com.br\/noticia\/wp-json\/wp\/v2\/tags?post=134208"}],"curies":[{"name":"wp","href":"https:\/\/api.w.org\/{rel}","templated":true}]}}