{"id":134279,"date":"2018-02-13T23:17:38","date_gmt":"2018-02-14T01:17:38","guid":{"rendered":"https:\/\/www.redenoticia.com.br\/noticia\/?p=134279"},"modified":"2018-02-20T22:18:11","modified_gmt":"2018-02-21T01:18:11","slug":"bbb-18-votacao-em-ayrton-clara-mahmoud-e-paula-movimenta-a-enquete","status":"publish","type":"post","link":"https:\/\/migracao.redenoticia.com.br\/noticia\/2018\/bbb-18-votacao-em-ayrton-clara-mahmoud-e-paula-movimenta-a-enquete\/134279","title":{"rendered":"\u201cBBB\u201d 18: vota\u00e7\u00e3o em Ayrton\/Clara, Ana Paula e Paula movimentou a enquete"},"content":{"rendered":"<p><img loading=\"lazy\" decoding=\"async\" class=\"alignleft size-thumbnail wp-image-132207\" src=\"https:\/\/migracao.redenoticia.com.br\/noticia\/imagens\/bbb_votacao_enquete-150x112.jpg\" alt=\"\" width=\"150\" height=\"112\" srcset=\"https:\/\/migracao.redenoticia.com.br\/noticia\/imagens\/bbb_votacao_enquete-150x112.jpg 150w, https:\/\/migracao.redenoticia.com.br\/noticia\/imagens\/bbb_votacao_enquete-265x198.jpg 265w\" sizes=\"auto, (max-width: 150px) 100vw, 150px\" \/><em><strong>\u201cBBB&#8221; 18 vota\u00e7\u00e3o enquete:<\/strong><\/em> Ana Paula recebeu 89,85% dos votos v\u00e1lidos e foi eliminada do programa. Este pared\u00e3o come\u00e7ou em 09 e 10\/02, quando Wagner participou da Prova do L\u00edder e conquistou a imunidade. Lucas atendeu o Big Fone e indicou Ayrton\/Clara para o pared\u00e3o. Diego ficou doze horas em uma prova de resist\u00eancia e conquistou a lideran\u00e7a. Neste domingo, 11\/02, antes da vota\u00e7\u00e3o, Mahmoud usou o poder do Anjo e imunizou Gleici. O L\u00edder Diego indicou Paula para o pared\u00e3o. Na vota\u00e7\u00e3o da casa, Clara\/Ayrton, Gleici, Mahmoud, Paula, J\u00e9ssica, Breno e Lucas votaram na Ana Paula. Kaysar votou no Viegas. Ana Paula, Patr\u00edcia, Nayara, Wagner, Caruso e Viegas votaram no Mahmoud. <\/p>\n<p>Destaque <\/p>\n<p>Defesas<br \/>\nPaula defende perman\u00eancia na casa: &#8216;Vou me dedicar&#8217;;<br \/>\nFam\u00edlia Lima defende perman\u00eancia na casa: &#8216;Estamos sendo n\u00f3s mesmos&#8217;;<br \/>\nAna Paula defende perman\u00eancia na casa: &#8216;\u00c9 um sonho para mim&#8217;. <\/p>\n<p>Logo depois, Tiago Leifert deu largada na vota\u00e7\u00e3o do pared\u00e3o triplo. A vota\u00e7\u00e3o aconteceu at\u00e9 o programa ao vivo desta ter\u00e7a-feira, 13\/01. <\/p>\n<p>Se voc\u00ea n\u00e3o est\u00e1 vendo a enquete, clique no link abaixo:<\/p>\n<p>Not\u00edcias relacionadas:<\/p>\n<p><script type=\"text\/javascript\" charset=\"utf-8\" src=\"https:\/\/secure.polldaddy.com\/p\/9937298.js\"><\/script><br \/>\n<noscript><\/noscript> <\/p>\n<p>&#8212;<br \/>\nResultado parcial (12\/02 15h55)<br \/>\nAna Paula 76,33%; Ayrton\/Clara 13,74%; Paula 9,93%. Total de Votos &#8211; 20.196.<br \/>\nResultado parcial (13\/02 13h56)<br \/>\nAna Paula 76,03%; Ayrton\/Clara 14,38%; Paula 9,59%. Total de Votos &#8211; 28.148.<br \/>\nResultado parcial (13\/02 21h28)<br \/>\nAna Paula 76,51%; Ayrton\/Clara 14,16%; Paula 9,33%. Total de Votos &#8211; 32.686.<\/p>\n<p>A vota\u00e7\u00e3o oficial aconteceu no endere\u00e7o da .<\/p>\n<p>&#8212;<br \/>\nConcorrentes: Ana Paula; Breno; Caruso; Clara\/Ayrton; Diego; Gleici; J\u00e9ssica; Kaysar; Lucas; Mahmoud; Mara; Nayara; Patr\u00edcia; Paula; Viegas; Wagner.<\/p>\n<p>Fonte \u201cBBB&#8221; 18 \u2013 Vota\u00e7\u00e3o Enquete<\/p>\n","protected":false},"excerpt":{"rendered":"<p>\u201cBBB&#8221; 18 vota\u00e7\u00e3o enquete: Ana Paula recebeu 89,85% dos votos v\u00e1lidos e foi eliminada do programa. Este pared\u00e3o come\u00e7ou em 09 e 10\/02, quando Wagner participou da Prova do L\u00edder e conquistou a imunidade. Lucas atendeu o Big Fone e indicou Ayrton\/Clara para o pared\u00e3o. Diego ficou doze horas em uma prova de resist\u00eancia e [&hellip;]<\/p>\n","protected":false},"author":2,"featured_media":132207,"comment_status":"open","ping_status":"closed","sticky":false,"template":"","format":"standard","meta":{"tdm_status":"","tdm_grid_status":"","footnotes":""},"categories":[375,343],"tags":[466],"class_list":{"0":"post-134279","1":"post","2":"type-post","3":"status-publish","4":"format-standard","5":"has-post-thumbnail","7":"category-rede-globo","8":"category-televisao","9":"tag-bbb"},"_links":{"self":[{"href":"https:\/\/migracao.redenoticia.com.br\/noticia\/wp-json\/wp\/v2\/posts\/134279","targetHints":{"allow":["GET"]}}],"collection":[{"href":"https:\/\/migracao.redenoticia.com.br\/noticia\/wp-json\/wp\/v2\/posts"}],"about":[{"href":"https:\/\/migracao.redenoticia.com.br\/noticia\/wp-json\/wp\/v2\/types\/post"}],"author":[{"embeddable":true,"href":"https:\/\/migracao.redenoticia.com.br\/noticia\/wp-json\/wp\/v2\/users\/2"}],"replies":[{"embeddable":true,"href":"https:\/\/migracao.redenoticia.com.br\/noticia\/wp-json\/wp\/v2\/comments?post=134279"}],"version-history":[{"count":0,"href":"https:\/\/migracao.redenoticia.com.br\/noticia\/wp-json\/wp\/v2\/posts\/134279\/revisions"}],"wp:featuredmedia":[{"embeddable":true,"href":"https:\/\/migracao.redenoticia.com.br\/noticia\/wp-json\/wp\/v2\/media\/132207"}],"wp:attachment":[{"href":"https:\/\/migracao.redenoticia.com.br\/noticia\/wp-json\/wp\/v2\/media?parent=134279"}],"wp:term":[{"taxonomy":"category","embeddable":true,"href":"https:\/\/migracao.redenoticia.com.br\/noticia\/wp-json\/wp\/v2\/categories?post=134279"},{"taxonomy":"post_tag","embeddable":true,"href":"https:\/\/migracao.redenoticia.com.br\/noticia\/wp-json\/wp\/v2\/tags?post=134279"}],"curies":[{"name":"wp","href":"https:\/\/api.w.org\/{rel}","templated":true}]}}