{"id":134389,"date":"2018-02-13T16:16:36","date_gmt":"2018-02-13T18:16:36","guid":{"rendered":"https:\/\/www.redenoticia.com.br\/noticia\/?p=134389"},"modified":"2018-02-13T20:08:43","modified_gmt":"2018-02-13T22:08:43","slug":"resumo-novela-chiquititas-14-02-samuca-sofre-bullying-dos-colegas-de-classe","status":"publish","type":"post","link":"https:\/\/migracao.redenoticia.com.br\/noticia\/2018\/resumo-novela-chiquititas-14-02-samuca-sofre-bullying-dos-colegas-de-classe\/134389","title":{"rendered":"Resumo novela \u201cChiquititas\u201d 14\/02: Samuca sofre bullying dos colegas de classe"},"content":{"rendered":"<p><img loading=\"lazy\" decoding=\"async\" class=\"alignleft size-thumbnail wp-image-49690\" src=\"https:\/\/migracao.redenoticia.com.br\/noticia\/imagens\/chiquititas1-150x112.jpg\" alt=\"chiquititas\" width=\"150\" height=\"112\" \/><strong><em>Resumo novela \u201cChiquititas\u201d 14\/02<\/em><\/strong>: no cap\u00edtulo 372(*) da novela \u201cChiquititas\u201d, resumo de quarta-feira, 14 de fevereiro, Duda fica com ci\u00fame da proximidade de Mosca e Marian. Matilde leva Cintia at\u00e9 o local onde Miguel se escondia, nos por\u00f5es do orfanato. Binho continua tentando conquistar as meninas, mas desta vez as menores como ele. Mais uma vez, sem sucesso. Clarita vai ao karaok\u00ea com o namorado Francis e com o ex, Beto. Francis e Clarita cantam a m\u00fasica \u201cSutilmente\u201d. Beto fica enciumado, pois ainda gosta de Clarita. Na mans\u00e3o dos Almeida Campos, Carmen vai ao quatro de Valentina e grita com ela. A megera diz que Miguel est\u00e1 preso e que a mulher n\u00e3o poder\u00e1 tentar contar nada do que sabe. Valentina est\u00e1 se recuperando do per\u00edodo em que esteve em coma, por isso ainda n\u00e3o fala. <\/p>\n<p>No por\u00e3o, Cintia encontra nas coisas de Miguel o verdadeiro testamento de Jos\u00e9 Ricardo. Silenciosamente ela descobre que Carmen falsificou o documento e por isso usar\u00e1 o testamento verdadeiro para deixar Carmen em suas m\u00e3os. No Karaok\u00ea, \u00c9rica chega com Armando e o apresenta como seu atual relacionamento para o descontente dos amigos do Caf\u00e9 Boutique. Rafa diz que ganhou a aposta uma vez que Binho n\u00e3o conquistou nenhuma mulher. Samuca sofre bullying dos colegas de classe. Janu entrega convites de uma festa \u00e0 fantasia para as chiquititas. Cintia mostra para Carmen a c\u00f3pia do testamento verdadeiro. Carmen aceita facilitar a entrada de Cintia no local.<\/p>\n<p>(*) edi\u00e7\u00e3o do SBT, Novela \u201cChiquititas\u201d, sujeito a altera\u00e7\u00e3o de data e conte\u00fado.<\/p>\n<p>Chiquititas gira em torno do orfanato Raio de Luz, que carrega em sua hist\u00f3ria um grande segredo envolvendo a fam\u00edlia e o dono do orfanato, Dr. Jos\u00e9 Ricardo Almeida Campos. Em um per\u00edodo anterior \u00e0 novela, exatos treze anos, sua filha Gabriela se apaixonou e ficou gr\u00e1vida de Miguel, filho de Valentina, empregada da casa dos Almeida Campos. Pouco depois, Jos\u00e9 Ricardo sequestrou sua neta, pois, como um homem conservador, ele n\u00e3o aceitava a ideia de que sua filha se envolvesse com um empregado. Como sua neta, Milena, apelidada como Mili, precisava de um lugar para morar, ele comprou um casar\u00e3o e fundou um orfanato, o Raio de Luz. Mili cresceu l\u00e1 com outras garotas que chegaram posteriormente: Bia, Ana, as irm\u00e3s Tati e Vivi, e Cris. Ao decorrer dos anos, elas se tornam uma fam\u00edlia. Elas s\u00e3o supervisionadas por Ernestina, zeladora do orfanato, e Chico, o cozinheiro amado pelas internas. Sofia, ex-governanta da fam\u00edlia Almeida Campos, \u00e9 a diretora do lugar, at\u00e9 que Carmem, irm\u00e3 de Jos\u00e9 Ricardo, entre em seu lugar. Chegam ainda mais \u00f3rf\u00e3os: Pata, Mosca, Binho e Rafa, que viviam nas ruas antes de entrarem na institui\u00e7\u00e3o. Pata e Mili tornam-se amigas rapidamente, enquanto Mosca, Binho e Rafa s\u00e3o os primeiros garotos a entrar no abrigo. As crian\u00e7as sem-teto foram ajudadas por uma doce e bela garota que tocam e mudam a vida delas, assim como as das garotas \u00f3rf\u00e3s.<\/p>\n","protected":false},"excerpt":{"rendered":"<p>Resumo novela \u201cChiquititas\u201d 14\/02: no cap\u00edtulo 372(*) da novela \u201cChiquititas\u201d, resumo de quarta-feira, 14 de fevereiro, Duda fica com ci\u00fame da proximidade de Mosca e Marian. Matilde leva Cintia at\u00e9 o local onde Miguel se escondia, nos por\u00f5es do orfanato. Binho continua tentando conquistar as meninas, mas desta vez as menores como ele. Mais uma [&hellip;]<\/p>\n","protected":false},"author":4,"featured_media":49690,"comment_status":"open","ping_status":"closed","sticky":false,"template":"","format":"standard","meta":{"tdm_status":"","tdm_grid_status":"","footnotes":""},"categories":[409,379,372,343],"tags":[441],"class_list":{"0":"post-134389","1":"post","2":"type-post","3":"status-publish","4":"format-standard","5":"has-post-thumbnail","7":"category-chiquititas","8":"category-novelas","9":"category-sbt","10":"category-televisao","11":"tag-resumo-do-dia"},"_links":{"self":[{"href":"https:\/\/migracao.redenoticia.com.br\/noticia\/wp-json\/wp\/v2\/posts\/134389","targetHints":{"allow":["GET"]}}],"collection":[{"href":"https:\/\/migracao.redenoticia.com.br\/noticia\/wp-json\/wp\/v2\/posts"}],"about":[{"href":"https:\/\/migracao.redenoticia.com.br\/noticia\/wp-json\/wp\/v2\/types\/post"}],"author":[{"embeddable":true,"href":"https:\/\/migracao.redenoticia.com.br\/noticia\/wp-json\/wp\/v2\/users\/4"}],"replies":[{"embeddable":true,"href":"https:\/\/migracao.redenoticia.com.br\/noticia\/wp-json\/wp\/v2\/comments?post=134389"}],"version-history":[{"count":0,"href":"https:\/\/migracao.redenoticia.com.br\/noticia\/wp-json\/wp\/v2\/posts\/134389\/revisions"}],"wp:featuredmedia":[{"embeddable":true,"href":"https:\/\/migracao.redenoticia.com.br\/noticia\/wp-json\/wp\/v2\/media\/49690"}],"wp:attachment":[{"href":"https:\/\/migracao.redenoticia.com.br\/noticia\/wp-json\/wp\/v2\/media?parent=134389"}],"wp:term":[{"taxonomy":"category","embeddable":true,"href":"https:\/\/migracao.redenoticia.com.br\/noticia\/wp-json\/wp\/v2\/categories?post=134389"},{"taxonomy":"post_tag","embeddable":true,"href":"https:\/\/migracao.redenoticia.com.br\/noticia\/wp-json\/wp\/v2\/tags?post=134389"}],"curies":[{"name":"wp","href":"https:\/\/api.w.org\/{rel}","templated":true}]}}