{"id":134446,"date":"2018-02-14T00:36:53","date_gmt":"2018-02-14T02:36:53","guid":{"rendered":"https:\/\/www.redenoticia.com.br\/noticia\/?p=134446"},"modified":"2018-02-13T20:40:47","modified_gmt":"2018-02-13T22:40:47","slug":"cremes-dentais-nao-resolvem-sozinhos-erosao-dental-e-hipersensibilidade-dos-dentes","status":"publish","type":"post","link":"https:\/\/migracao.redenoticia.com.br\/noticia\/2018\/cremes-dentais-nao-resolvem-sozinhos-erosao-dental-e-hipersensibilidade-dos-dentes\/134446","title":{"rendered":"Cremes dentais n\u00e3o resolvem sozinhos eros\u00e3o dental e hipersensibilidade dos dentes"},"content":{"rendered":"<p> Maria Fernanda Ziegler\u00a0 |\u00a0 Ag\u00eancia FAPESP\u00a0\u2013 Por conta do aumento da preval\u00eancia de problemas como <strong><em>eros\u00e3o dental e hipersensibilidade dentin\u00e1ria<\/em><\/strong>, cremes dentais voltados para esses problemas ganharam o mercado. Se h\u00e1 20 anos eles nem existiam, hoje h\u00e1 uma grande variedade de marcas, com diferentes atributos.<\/p>\n<p>No entanto, em estudo feito na Universidade de Berna, na Su\u00ed\u00e7a \u2013 do qual participou uma\u00a0\u00a0\u2013, nenhuma das nove pastas analisadas se mostrou capaz de diminuir um problema elementar \u00e0 eros\u00e3o e \u00e0 hipersensibilidade dentin\u00e1ria: a perda de estrutura do esmalte.<\/p>\n<p>De acordo com artigo publicado na\u00a0, todas as pastas testadas causaram, inclusive, diferentes graus de perda de superf\u00edcie do dente. Nenhuma delas foi capaz de proteger o esmalte da eros\u00e3o e da abras\u00e3o dental.<\/p>\n<p>Os autores do estudo ressaltam que esses tipos de pasta t\u00eam a sua fun\u00e7\u00e3o. Por\u00e9m, devem ser usadas como um complemento e n\u00e3o como o tratamento em si. Este deve ser orientado por um cirurgi\u00e3o-dentista, que pode diagnosticar e analisar a melhor estrat\u00e9gia para cada paciente.<\/p>\n<p>\u201cN\u00e3o \u00e9 a pasta de dente que vai conseguir resolver o problema totalmente. A eros\u00e3o dental \u00e9 multifatorial, tem rela\u00e7\u00e3o com a escova\u00e7\u00e3o e, principalmente, com a alimenta\u00e7\u00e3o, que est\u00e1 se tornando cada vez mais \u00e1cida em virtude, por exemplo, dos alimentos industrializados\u201d, disse\u00a0, doutoranda na Faculdade de Odontologia da Universidade de S\u00e3o Paulo e primeira autora do artigo.<\/p>\n<p>Jo\u00e3o-Souza afirma que \u00e9 preciso haver a associa\u00e7\u00e3o de, pelo menos, tr\u00eas fatores: o tratamento acompanhado por um dentista, o uso de pastas indicadas e a mudan\u00e7a no estilo de vida do paciente, principalmente nos h\u00e1bitos alimentares. A eros\u00e3o dental \u00e9 a perda de tecidos duros dent\u00e1rios causados por \u00e1cidos n\u00e3o bacterianos. Quando associada a a\u00e7\u00f5es mec\u00e2nicas, como a da escova\u00e7\u00e3o, resulta no desgaste erosivo.<\/p>\n<p>\u201cEstudamos as chamadas les\u00f5es cervicais n\u00e3o cariosas, quando ocorre a perda de estrutura dental n\u00e3o relacionada a bact\u00e9rias (como \u00e9 o caso da c\u00e1rie). Nas cl\u00ednicas, vemos pacientes com esse problema na regi\u00e3o cervical do dente, entre a gengiva e o dente. O esmalte nessa \u00e1rea \u00e9 mais fino e mais suscet\u00edvel ao problema\u201d, disse a professora\u00a0, orientadora de Jo\u00e3o-Souza e tamb\u00e9m autora do artigo.<\/p>\n<p>Nessas situa\u00e7\u00f5es, \u00e9 comum o paciente sentir inc\u00f4modo ao beber ou comer algo gelado, quente ou doce. \u201cEle ou ela chegam ao consult\u00f3rio achando que \u00e9 c\u00e1rie, mas se trata de uma exposi\u00e7\u00e3o da dentina causada por escova\u00e7\u00e3o errada, com uma pasta de dente muito abrasiva, por exemplo, combinada a um alto e frequente consumo de bebida e alimentos \u00e1cidos\u201d, disse Aranha.<\/p>\n<p>Existe uma forte rela\u00e7\u00e3o entre a eros\u00e3o dental e a hipersensibilidade dentin\u00e1ria. A primeira pode ser um dos fatores que provocam e mant\u00eam a segunda.<\/p>\n<p>\u201cEstudos mostram que, para haver hipersensibilidade, \u00e9 preciso que o paciente tenha a dentina exposta (t\u00fabulos abertos). E um dos fatores para a exposi\u00e7\u00e3o da dentina \u00e9 a eros\u00e3o. Foi por isso que no nosso estudo analisamos pastas de dente que apresentam esses dois atributos (antierosivo e dessensibilizante) como diferencial\u201d, disse Jo\u00e3o-Souza.<\/p>\n<p>No total, foram testadas oito pastas dessensibilizantes e\/ou antierosivas e uma pasta controle, todas encontradas em farm\u00e1cias do Brasil ou da Europa. O estudo tamb\u00e9m analisou como a intera\u00e7\u00e3o dos fatores qu\u00edmicos e f\u00edsicos influencia o desgaste erosivo dos dentes.<\/p>\n<p>Para tanto, foi feita uma simula\u00e7\u00e3o do efeito de uma escova\u00e7\u00e3o (uma vez ao dia) e da exposi\u00e7\u00e3o de uma solu\u00e7\u00e3o \u00e1cida no esmalte do dente durante ciclos de cinco dias consecutivos. O estudo usou dentes pr\u00e9-molares humanos doados para testes cient\u00edficos, saliva artificial e a escova\u00e7\u00e3o com as pastas analisadas.<\/p>\n<p>\u201cUtilizamos o teste de microdureza, para calcular a perda da estrutura do esmalte decorrente da escova\u00e7\u00e3o com as pastas testadas. Na an\u00e1lise qu\u00edmica, foram medidos o pH e a concentra\u00e7\u00e3o de c\u00e1lcio, fosfato e fl\u00faor em cada uma das pastas\u201d, disse Jo\u00e3o-Souza.<\/p>\n<p>Na an\u00e1lise f\u00edsica, os pesquisadores pesaram e mediram o tamanho das part\u00edculas abrasivas contidas nas pastas. Tamb\u00e9m foi feito teste de \u201cwetability\u201d, ou quanto o preparado de pasta de dente misturado com saliva artificial consegue se espalhar na superf\u00edcie do dente.<\/p>\n<p>\u201cDurante as escova\u00e7\u00f5es com as misturas das pastas com a saliva artificial notamos que as propriedades das pastas eram diferentes. Por isso, decidimos ampliar as an\u00e1lises, avaliando os fatores qu\u00edmicos e f\u00edsicos das pastas e deixar o trabalho mais completo\u201d, disse Jo\u00e3o-Souza.<\/p>\n<p>Estatisticamente sem vencedores<\/p>\n<p>De acordo com o estudo, o uso de todas as pastas analisadas apresentou perda de superf\u00edcie progressiva do dente ap\u00f3s os cinco ciclos de escova\u00e7\u00e3o. \u201cN\u00e3o h\u00e1 uma melhor e a indica\u00e7\u00e3o vai depender de cada caso. O teste mostrou que algumas tiveram menos perda de superf\u00edcie do que outras, mas tamb\u00e9m n\u00e3o foi muito diferente da pasta controle. Estatisticamente, elas n\u00e3o diferiram, embora numericamente exista diferen\u00e7a\u201d, disse Aranha.<\/p>\n<p>\u201cAgora, estamos fazendo outros trabalhos com dentina para pensar em possibilidades, pois o resultado mostrou algo preocupante: nenhuma das pastas foi capaz de prevenir eros\u00e3o dental ou hipersensibilidade dentin\u00e1ria\u201d, disse Aranha.<\/p>\n<p>O grupo pretende iniciar um outro estudo, mais espec\u00edfico e\u00a0in vivo, o que possibilitar\u00e1 tamb\u00e9m fazer a avalia\u00e7\u00e3o de dor.<\/p>\n<p>O artigo\u00a0Chemical and physical factors of desensitizing and\/or anti-erosive toothpastes associated with lower erosive tooth wear(doi: 10.1038\/s41598-017-18154-8), de Samira Helena Jo\u00e3o-Souza, Adrian Lussi, Tommy Baumann, Ta\u00eds Scaramucci, Ana Cec\u00edlia Corr\u00eaa Aranha e Thiago Saads Carvalho, pode ser lido na\u00a0Scientific Reports\u00a0em\u00a0.<\/p>\n","protected":false},"excerpt":{"rendered":"<p>Maria Fernanda Ziegler\u00a0 |\u00a0 Ag\u00eancia FAPESP\u00a0\u2013 Por conta do aumento da preval\u00eancia de problemas como eros\u00e3o dental e hipersensibilidade dentin\u00e1ria, cremes dentais voltados para esses problemas ganharam o mercado. Se h\u00e1 20 anos eles nem existiam, hoje h\u00e1 uma grande variedade de marcas, com diferentes atributos. No entanto, em estudo feito na Universidade de Berna, [&hellip;]<\/p>\n","protected":false},"author":2,"featured_media":37376,"comment_status":"open","ping_status":"closed","sticky":false,"template":"","format":"standard","meta":{"tdm_status":"","tdm_grid_status":"","footnotes":""},"categories":[22,5],"tags":[],"class_list":{"0":"post-134446","1":"post","2":"type-post","3":"status-publish","4":"format-standard","5":"has-post-thumbnail","7":"category-brasil","8":"category-saude-e-vida"},"_links":{"self":[{"href":"https:\/\/migracao.redenoticia.com.br\/noticia\/wp-json\/wp\/v2\/posts\/134446","targetHints":{"allow":["GET"]}}],"collection":[{"href":"https:\/\/migracao.redenoticia.com.br\/noticia\/wp-json\/wp\/v2\/posts"}],"about":[{"href":"https:\/\/migracao.redenoticia.com.br\/noticia\/wp-json\/wp\/v2\/types\/post"}],"author":[{"embeddable":true,"href":"https:\/\/migracao.redenoticia.com.br\/noticia\/wp-json\/wp\/v2\/users\/2"}],"replies":[{"embeddable":true,"href":"https:\/\/migracao.redenoticia.com.br\/noticia\/wp-json\/wp\/v2\/comments?post=134446"}],"version-history":[{"count":0,"href":"https:\/\/migracao.redenoticia.com.br\/noticia\/wp-json\/wp\/v2\/posts\/134446\/revisions"}],"wp:featuredmedia":[{"embeddable":true,"href":"https:\/\/migracao.redenoticia.com.br\/noticia\/wp-json\/wp\/v2\/media\/37376"}],"wp:attachment":[{"href":"https:\/\/migracao.redenoticia.com.br\/noticia\/wp-json\/wp\/v2\/media?parent=134446"}],"wp:term":[{"taxonomy":"category","embeddable":true,"href":"https:\/\/migracao.redenoticia.com.br\/noticia\/wp-json\/wp\/v2\/categories?post=134446"},{"taxonomy":"post_tag","embeddable":true,"href":"https:\/\/migracao.redenoticia.com.br\/noticia\/wp-json\/wp\/v2\/tags?post=134446"}],"curies":[{"name":"wp","href":"https:\/\/api.w.org\/{rel}","templated":true}]}}