{"id":134509,"date":"2018-02-14T19:51:18","date_gmt":"2018-02-14T21:51:18","guid":{"rendered":"https:\/\/www.redenoticia.com.br\/noticia\/?p=134509"},"modified":"2018-02-14T19:51:18","modified_gmt":"2018-02-14T21:51:18","slug":"resumo-novela-coracao-indomavel-15-02-alessandro-descobre-que-maricruz-esta-gravida","status":"publish","type":"post","link":"https:\/\/migracao.redenoticia.com.br\/noticia\/2018\/resumo-novela-coracao-indomavel-15-02-alessandro-descobre-que-maricruz-esta-gravida\/134509","title":{"rendered":"Resumo novela \u201cCora\u00e7\u00e3o Indom\u00e1vel\u201d 15\/02: Alessandro descobre que Maricruz est\u00e1 gr\u00e1vida"},"content":{"rendered":"<p> <img loading=\"lazy\" decoding=\"async\" src=\"https:\/\/migracao.redenoticia.com.br\/noticia\/imagens\/coracao_indomavel_sbt_novela_resumo-150x112.jpg\" alt=\"\" width=\"150\" height=\"112\" class=\"alignleft size-thumbnail wp-image-66161\" srcset=\"https:\/\/migracao.redenoticia.com.br\/noticia\/imagens\/coracao_indomavel_sbt_novela_resumo-150x112.jpg 150w, https:\/\/migracao.redenoticia.com.br\/noticia\/imagens\/coracao_indomavel_sbt_novela_resumo-265x198.jpg 265w\" sizes=\"auto, (max-width: 150px) 100vw, 150px\" \/><strong><em>Resumo novela \u201cCora\u00e7\u00e3o Indom\u00e1vel\u201d 15\/02<\/em><\/strong>: no cap\u00edtulo 024(*) da novela \u201cCora\u00e7\u00e3o Indom\u00e1vel\u201d, resumo de quinta-feira, 15 de fevereiro, Alessandro convida Soledade para viver em sua casa e diz a Maricruz que cuidar\u00e1 das duas. Ela aceita e pede a Serafina que n\u00e3o d\u00ea a ningu\u00e9m seu novo endere\u00e7o. Ot\u00e1vio volta da Ilha Dourada e pede a Serafina que o apresente a Maricruz. Alessandro ensina Maricruz a subir e descer uma escada com eleg\u00e2ncia. Ela cai e desmaia. Alessandro manda chamar o m\u00e9dico e \u00e9 informado que ela est\u00e1 gr\u00e1vida. Serafina diz a Ot\u00e1vio que Maricruz deixou a pens\u00e3o com sua irm\u00e3 para viver na casa onde est\u00e1 trabalhando. Intrigado com a semelhan\u00e7a, Ot\u00e1vio pergunta de onde ela veio. <\/p>\n<p>Serafina estranha o interesse e Ot\u00e1vio diz que ela \u00e9 sua esposa. Serafina chega \u00e0 pens\u00e3o trazendo uns documentos para Maricruz e ela lhe d\u00e1 seu novo endere\u00e7o. Ot\u00e1vio diz a Eduardo que tem certeza que a mulher que quase atropelou era sua esposa. Maria entrega a Tobias a caixa de documentos de Maricruz, pede que entregue apenas para ela e pergunta se n\u00e3o est\u00e3o precisando de uma empregada. Maricruz comenta com Alessandro que na caixa que Maria lhe trouxe est\u00e3o os documentos de sua m\u00e3e, de seu av\u00f4, seu pai, de sua irm\u00e3 e os seus tamb\u00e9m. <\/p>\n<p>Ot\u00e1vio comenta com Eduardo que L\u00facia mentiu ao dizer que Maricruz continuava vivendo no povoado. Alessandro pede a Maricruz que fale sobre o pai do filho que espera. Indignado, Ot\u00e1vio telefona para L\u00facia e pergunta por que mentiu dizendo que Maricruz estava vivendo com eles na fazenda. Alessandro diz a Maricruz que vai procurar pelo pai de seu filho para que esteja com ela quando a crian\u00e7a nascer. L\u00facia finge que est\u00e1 se sentindo mal para tentar impedir que Ot\u00e1vio fale com Miguel e conte o que ela fez.<\/p>\n<p>(*) edi\u00e7\u00e3o do SBT, Novela \u201cCora\u00e7\u00e3o Indom\u00e1vel\u201d, sujeito a altera\u00e7\u00e3o de data e conte\u00fado. <\/p>\n<p>Sinopse &#8211; Maria Alessandra Mendon\u00e7a Olivares, mais conhecida como Maricruz Olivares (Ana Brenda Contreras) vive com Ramiro (Ignacio L\u00f3pez Tarso), seu av\u00f4 materno, e com Soledad (Gaby Mellado), sua irm\u00e3 adotiva, que \u00e9 surda-muda e que foi abandonada quando pequena. Sua casa \u00e9 uma cabana situada em plena natureza, aos arredores da fazenda Narv\u00e1ez.  Miguel (Ren\u00e9 Strickler) e Ot\u00e1vio (Daniel Arenas) s\u00e3o irm\u00e3os e donos da fazenda Narv\u00e1ez, que est\u00e1 hipotecada pela m\u00e1 administra\u00e7\u00e3o de Miguel, o irm\u00e3o mais velho. Ot\u00e1vio \u00e9 piloto e chega \u00e0 fazenda necessitado de dinheiro pois ficou sem trabalho e quer que as terras sejam vendidas, mas sem imaginar, logo vai esquecendo esse objetivo, pois descobre que a terra, a planta\u00e7\u00e3o e o trato com os trabalhadores, s\u00e3o motivo de paix\u00e3o para ele. <\/p>\n","protected":false},"excerpt":{"rendered":"<p>Resumo novela \u201cCora\u00e7\u00e3o Indom\u00e1vel\u201d 15\/02: no cap\u00edtulo 024(*) da novela \u201cCora\u00e7\u00e3o Indom\u00e1vel\u201d, resumo de quinta-feira, 15 de fevereiro, Alessandro convida Soledade para viver em sua casa e diz a Maricruz que cuidar\u00e1 das duas. Ela aceita e pede a Serafina que n\u00e3o d\u00ea a ningu\u00e9m seu novo endere\u00e7o. Ot\u00e1vio volta da Ilha Dourada e pede [&hellip;]<\/p>\n","protected":false},"author":2,"featured_media":66161,"comment_status":"open","ping_status":"closed","sticky":false,"template":"","format":"standard","meta":{"tdm_status":"","tdm_grid_status":"","footnotes":""},"categories":[379,372,343],"tags":[441],"class_list":{"0":"post-134509","1":"post","2":"type-post","3":"status-publish","4":"format-standard","5":"has-post-thumbnail","7":"category-novelas","8":"category-sbt","9":"category-televisao","10":"tag-resumo-do-dia"},"_links":{"self":[{"href":"https:\/\/migracao.redenoticia.com.br\/noticia\/wp-json\/wp\/v2\/posts\/134509","targetHints":{"allow":["GET"]}}],"collection":[{"href":"https:\/\/migracao.redenoticia.com.br\/noticia\/wp-json\/wp\/v2\/posts"}],"about":[{"href":"https:\/\/migracao.redenoticia.com.br\/noticia\/wp-json\/wp\/v2\/types\/post"}],"author":[{"embeddable":true,"href":"https:\/\/migracao.redenoticia.com.br\/noticia\/wp-json\/wp\/v2\/users\/2"}],"replies":[{"embeddable":true,"href":"https:\/\/migracao.redenoticia.com.br\/noticia\/wp-json\/wp\/v2\/comments?post=134509"}],"version-history":[{"count":0,"href":"https:\/\/migracao.redenoticia.com.br\/noticia\/wp-json\/wp\/v2\/posts\/134509\/revisions"}],"wp:featuredmedia":[{"embeddable":true,"href":"https:\/\/migracao.redenoticia.com.br\/noticia\/wp-json\/wp\/v2\/media\/66161"}],"wp:attachment":[{"href":"https:\/\/migracao.redenoticia.com.br\/noticia\/wp-json\/wp\/v2\/media?parent=134509"}],"wp:term":[{"taxonomy":"category","embeddable":true,"href":"https:\/\/migracao.redenoticia.com.br\/noticia\/wp-json\/wp\/v2\/categories?post=134509"},{"taxonomy":"post_tag","embeddable":true,"href":"https:\/\/migracao.redenoticia.com.br\/noticia\/wp-json\/wp\/v2\/tags?post=134509"}],"curies":[{"name":"wp","href":"https:\/\/api.w.org\/{rel}","templated":true}]}}