{"id":134546,"date":"2018-02-15T00:05:01","date_gmt":"2018-02-15T02:05:01","guid":{"rendered":"https:\/\/www.redenoticia.com.br\/noticia\/?p=134546"},"modified":"2018-02-14T21:15:51","modified_gmt":"2018-02-14T23:15:51","slug":"ipt-sp-oferece-curso-de-especializacao-em-engenharia-e-geologia","status":"publish","type":"post","link":"https:\/\/migracao.redenoticia.com.br\/noticia\/2018\/ipt-sp-oferece-curso-de-especializacao-em-engenharia-e-geologia\/134546","title":{"rendered":"IPT SP oferece curso de especializa\u00e7\u00e3o em engenharia e geologia"},"content":{"rendered":"<p> Uma parceria entre o Instituto de Pesquisas Tecnol\u00f3gicas (IPT), a Funda\u00e7\u00e3o de Apoio ao IPT (FIPT) e o Centro Tecnol\u00f3gico de Hidr\u00e1ulica e Recursos H\u00eddricos (CTH) do Departamento de \u00c1guas e Energia El\u00e9trica (DAEE) ir\u00e1 oferecer, a partir do m\u00eas de mar\u00e7o, um curso de especializa\u00e7\u00e3o para promover a capacita\u00e7\u00e3o e a atualiza\u00e7\u00e3o t\u00e9cnica de profissionais que pretendam atuar na \u00e1rea de <strong><em>seguran\u00e7a de barragens<\/em><\/strong>.<\/p>\n<p>Os objetivos do curso incluem qualificar profissionais para o desempenho de atividades de an\u00e1lise de projetos, procedimentos construtivos, de opera\u00e7\u00e3o, manuten\u00e7\u00e3o e de avalia\u00e7\u00e3o de seguran\u00e7a de barragens, capacitando-os para elaborar e analisar relat\u00f3rios de inspe\u00e7\u00e3o de barragens, tendo em vista a Pol\u00edtica Nacional de Seguran\u00e7a de Barragens definida na Lei 12.334\/2010.<\/p>\n<p>O p\u00fablico-alvo do curso \u00e9 formado por profissionais graduados nas \u00e1reas de Engenharia Civil, Ambiental e Mec\u00e2nica, Geologia ou forma\u00e7\u00f5es cujas atividades envolvam a atua\u00e7\u00e3o na elabora\u00e7\u00e3o de projetos, constru\u00e7\u00e3o, opera\u00e7\u00e3o e manuten\u00e7\u00e3o, estudos de impacto ambiental e gest\u00e3o de barragens e reservat\u00f3rios.<\/p>\n<p>O programa do curso inclui 16 disciplinas, em um total de 440 horas, incluindo o Trabalho de Conclus\u00e3o de Curso (40 horas), e ter\u00e1 a dura\u00e7\u00e3o de 24 meses. O in\u00edcio do curso est\u00e1 previsto para o m\u00eas de mar\u00e7o de 2018.<\/p>\n<p>As aulas ser\u00e3o ministradas \u00e0s sextas-feiras, das 19h \u00e0s 22h30, e aos s\u00e1bados, das 9h \u00e0s 12h30, no campus do IPT, localizado na Av. Professor Almeida Prado, 532, na Cidade Universit\u00e1ria em S\u00e3o Paulo. Para a sele\u00e7\u00e3o, o candidato dever\u00e1 preencher o\u00a0\u00a0e enviar um curr\u00edculo.<\/p>\n<p>Uma entrevista t\u00e9cnica com os coordenadores do curso ser\u00e1 agendada, e a sele\u00e7\u00e3o ser\u00e1 feita com base na entrevista e na an\u00e1lise curricular.<\/p>\n<p>Mais informa\u00e7\u00f5es sobre as disciplinas e os profissionais do corpo docente est\u00e3o dispon\u00edveis\u00a0.<\/p>\n<p>Do Portal do Governo SP<\/p>\n","protected":false},"excerpt":{"rendered":"<p>Uma parceria entre o Instituto de Pesquisas Tecnol\u00f3gicas (IPT), a Funda\u00e7\u00e3o de Apoio ao IPT (FIPT) e o Centro Tecnol\u00f3gico de Hidr\u00e1ulica e Recursos H\u00eddricos (CTH) do Departamento de \u00c1guas e Energia El\u00e9trica (DAEE) ir\u00e1 oferecer, a partir do m\u00eas de mar\u00e7o, um curso de especializa\u00e7\u00e3o para promover a capacita\u00e7\u00e3o e a atualiza\u00e7\u00e3o t\u00e9cnica de [&hellip;]<\/p>\n","protected":false},"author":2,"featured_media":36246,"comment_status":"open","ping_status":"closed","sticky":false,"template":"","format":"standard","meta":{"tdm_status":"","tdm_grid_status":"","footnotes":""},"categories":[22,351,370],"tags":[],"class_list":{"0":"post-134546","1":"post","2":"type-post","3":"status-publish","4":"format-standard","5":"has-post-thumbnail","7":"category-brasil","8":"category-cursos","9":"category-inscricao"},"_links":{"self":[{"href":"https:\/\/migracao.redenoticia.com.br\/noticia\/wp-json\/wp\/v2\/posts\/134546","targetHints":{"allow":["GET"]}}],"collection":[{"href":"https:\/\/migracao.redenoticia.com.br\/noticia\/wp-json\/wp\/v2\/posts"}],"about":[{"href":"https:\/\/migracao.redenoticia.com.br\/noticia\/wp-json\/wp\/v2\/types\/post"}],"author":[{"embeddable":true,"href":"https:\/\/migracao.redenoticia.com.br\/noticia\/wp-json\/wp\/v2\/users\/2"}],"replies":[{"embeddable":true,"href":"https:\/\/migracao.redenoticia.com.br\/noticia\/wp-json\/wp\/v2\/comments?post=134546"}],"version-history":[{"count":0,"href":"https:\/\/migracao.redenoticia.com.br\/noticia\/wp-json\/wp\/v2\/posts\/134546\/revisions"}],"wp:featuredmedia":[{"embeddable":true,"href":"https:\/\/migracao.redenoticia.com.br\/noticia\/wp-json\/wp\/v2\/media\/36246"}],"wp:attachment":[{"href":"https:\/\/migracao.redenoticia.com.br\/noticia\/wp-json\/wp\/v2\/media?parent=134546"}],"wp:term":[{"taxonomy":"category","embeddable":true,"href":"https:\/\/migracao.redenoticia.com.br\/noticia\/wp-json\/wp\/v2\/categories?post=134546"},{"taxonomy":"post_tag","embeddable":true,"href":"https:\/\/migracao.redenoticia.com.br\/noticia\/wp-json\/wp\/v2\/tags?post=134546"}],"curies":[{"name":"wp","href":"https:\/\/api.w.org\/{rel}","templated":true}]}}