{"id":134548,"date":"2018-02-15T00:06:32","date_gmt":"2018-02-15T02:06:32","guid":{"rendered":"https:\/\/www.redenoticia.com.br\/noticia\/?p=134548"},"modified":"2018-02-14T21:16:03","modified_gmt":"2018-02-14T23:16:03","slug":"atividades-gratuitas-no-pos-carnaval-das-fabricas-de-cultura-de-sp","status":"publish","type":"post","link":"https:\/\/migracao.redenoticia.com.br\/noticia\/2018\/atividades-gratuitas-no-pos-carnaval-das-fabricas-de-cultura-de-sp\/134548","title":{"rendered":"Atividades gratuitas no P\u00f3s-carnaval das F\u00e1bricas de Cultura de SP"},"content":{"rendered":"<p> Apesar do feriado de Carnaval ter passado, as comemora\u00e7\u00f5es momescas seguem\u00a0durante todo o m\u00eas de fevereiro. As <strong><em>F\u00e1bricas de Cultura<\/em><\/strong> das zonas Norte e Sul de SP realizam diversas atividades especiais e gratuitas para comemorar a tradicional folia brasileira. Oficina de Constru\u00e7\u00e3o de instrumentos, Festival Carnarock e Teatro de Mamulengo s\u00e3o alguns dos destaques desta programa\u00e7\u00e3o.<\/p>\n<p>Em Toks &amp; Batuks: oficina de constru\u00e7\u00e3o de instrumentos, os participantes aprendem de forma simples e pr\u00e1tica a criar instrumentos afro-brasileiros feitos de caba\u00e7a, como o xequer\u00ea. A atividade acontece em todas as unidades das F\u00e1bricas, entre 20 e 22 de fevereiro.<\/p>\n<p>As bibliotecas tamb\u00e9m promovem as comemora\u00e7\u00f5es.Carnavalizando Mascaradamente prop\u00f5e a cria\u00e7\u00e3o de m\u00e1scaras em diferentes formatos na F\u00e1brica de Cultura Cap\u00e3o Redondo, no dia 16 de fevereiro, sexta-feira, \u00e0s 14h30.<\/p>\n<p>O Baile de Carnaval na F\u00e1brica de Cultura Brasil\u00e2ndia acontece em 24 de fevereiro, s\u00e1bado, \u00e0s 14h. No mesmo dia,\u00a0mas \u00e0s 13h, o Carnaf\u00e1brica tem como tema o Cap\u00e3o Redondo, criando e construindo a partir das refer\u00eancias do bairro. A atividade, que re\u00fane cortejo e baile ter\u00e1\u00a0alas constru\u00eddas pelos aprendizes da F\u00e1brica.<\/p>\n<p>A valoriza\u00e7\u00e3o do samba de raiz, um dos principais ritmos brasileiros, vai acontecer no Samba da Tia Preta, uma reuni\u00e3o de amigos dos bairros Jova Rural, Vila Nova Galv\u00e3o, Jardim Hebron e Jardim Filhos da Terra, todos pr\u00f3ximos \u00e0 F\u00e1brica de Cultura Ja\u00e7an\u00e3, que oferece\u00a0a atividade no dia 25 de fevereiro, domingo, \u00e0s 17h, .<\/p>\n<p>J\u00e1 para os amantes do rock que querem escapar da folia carnavalesca, a F\u00e1brica de Cultura Jardim S\u00e3o Lu\u00eds promove, \u00e0s 16h de 24 de fevereiro, o Festival Carnarock, com as bandas Alqueive e Col\u00f4nia Cratera.<\/p>\n<p>Fechando as comemora\u00e7\u00f5es, a F\u00e1brica de Cultura Vila Nova Cachoeirinha realiza dia 27 de fevereiro, ter\u00e7a-feira, \u00e0s 15h, o Teatro de mamulengo no carnaval cultural do Brasil. Na pe\u00e7a, o mestre Valdeck de Garanhuns e o grupo musical Trio Tropeiros da Serra mostram algumas tradi\u00e7\u00f5es do carnaval pernambucano: os papangus de bezerros, o frevo e o maracatu de baque virado, os bonec\u00f5es de Olinda, a tro\u00e7a da ala ursa e o boi de carnaval.<\/p>\n<p>Servi\u00e7o <\/p>\n<p>Atra\u00e7\u00f5es do P\u00f3s-carnaval nas F\u00e1bricas de Cultura<\/p>\n<p>Carnavalizando Mascaradamente<br \/>\n16\/2, sexta-feira \u00e0s 14h30 \u2013 Cap\u00e3o Redondo<\/p>\n<p>Toks &amp; Batuks: oficina de constru\u00e7\u00e3o de instrumentos<br \/>\n20\/2, ter\u00e7a-feira, \u00e0s 10h \u2013 Cap\u00e3o Redondo | 15h \u2013 Jardim S\u00e3o Lu\u00eds<br \/>\n21\/2, quarta-feira, \u00e0s 10h \u2013 Vila Nova Cachoeirinha | 15h \u2013 Brasil\u00e2ndia<br \/>\n22\/2, quinta-feira, \u00e0s 15h \u2013 Ja\u00e7an\u00e3<\/p>\n<p>Baile de Carnaval<br \/>\n24\/2, s\u00e1bado, \u00e0s 14h \u2013 Brasil\u00e2ndia<\/p>\n<p>Carnaf\u00e1brica 2018<br \/>\n24\/2, s\u00e1bado, \u00e0s 13h \u2013 Cap\u00e3o Redondo<\/p>\n<p>Festival Carnarock<br \/>\n24\/2, s\u00e1bado, \u00e0s 16h \u2013 Jardim S\u00e3o Lu\u00eds<\/p>\n<p>Samba da Tia Preta<br \/>\n25\/2, domingo, \u00e0s 17h \u2013 Ja\u00e7an\u00e3<br \/>\nLocal: Comunidade da Jova Rural \u2013 Rua Telma Regina Cordeiro Correia<\/p>\n<p>Teatro de mamulengo no carnaval cultural do Brasil<br \/>\n27\/2, ter\u00e7a-feira \u00e0s 15h \u2013 Vila Nova Cachoeirinha<\/p>\n<p>Endere\u00e7os das F\u00e1bricas de Cultura<\/p>\n<p>F\u00e1brica de Cultura Brasil\u00e2ndia<br \/>\nAvenida General Penha Brasil, 2508<\/p>\n<p>F\u00e1brica de Cultura Cap\u00e3o Redondo<br \/>\nRua Bacia de S\u00e3o Francisco, S\/N<\/p>\n<p>F\u00e1brica de Cultura Ja\u00e7an\u00e3<br \/>\nRua Raimundo Eduardo da Silva, 138<\/p>\n<p>F\u00e1brica de Cultura Jardim S\u00e3o Lu\u00eds<br \/>\nRua Ant\u00f4nio Ramos Rosa, 651<\/p>\n<p>F\u00e1brica de Cultura Vila Nova Cachoeirinha<br \/>\nRua Conselheiro Moreira de Barros, 3997<\/p>\n<p>\u00a0| Acessibilidade no local.<\/p>\n<p>Do Portal do Governo SP<\/p>\n","protected":false},"excerpt":{"rendered":"<p>Apesar do feriado de Carnaval ter passado, as comemora\u00e7\u00f5es momescas seguem\u00a0durante todo o m\u00eas de fevereiro. As F\u00e1bricas de Cultura das zonas Norte e Sul de SP realizam diversas atividades especiais e gratuitas para comemorar a tradicional folia brasileira. Oficina de Constru\u00e7\u00e3o de instrumentos, Festival Carnarock e Teatro de Mamulengo s\u00e3o alguns dos destaques desta [&hellip;]<\/p>\n","protected":false},"author":2,"featured_media":28951,"comment_status":"open","ping_status":"closed","sticky":false,"template":"","format":"standard","meta":{"tdm_status":"","tdm_grid_status":"","footnotes":""},"categories":[22,351,370],"tags":[],"class_list":{"0":"post-134548","1":"post","2":"type-post","3":"status-publish","4":"format-standard","5":"has-post-thumbnail","7":"category-brasil","8":"category-cursos","9":"category-inscricao"},"_links":{"self":[{"href":"https:\/\/migracao.redenoticia.com.br\/noticia\/wp-json\/wp\/v2\/posts\/134548","targetHints":{"allow":["GET"]}}],"collection":[{"href":"https:\/\/migracao.redenoticia.com.br\/noticia\/wp-json\/wp\/v2\/posts"}],"about":[{"href":"https:\/\/migracao.redenoticia.com.br\/noticia\/wp-json\/wp\/v2\/types\/post"}],"author":[{"embeddable":true,"href":"https:\/\/migracao.redenoticia.com.br\/noticia\/wp-json\/wp\/v2\/users\/2"}],"replies":[{"embeddable":true,"href":"https:\/\/migracao.redenoticia.com.br\/noticia\/wp-json\/wp\/v2\/comments?post=134548"}],"version-history":[{"count":0,"href":"https:\/\/migracao.redenoticia.com.br\/noticia\/wp-json\/wp\/v2\/posts\/134548\/revisions"}],"wp:featuredmedia":[{"embeddable":true,"href":"https:\/\/migracao.redenoticia.com.br\/noticia\/wp-json\/wp\/v2\/media\/28951"}],"wp:attachment":[{"href":"https:\/\/migracao.redenoticia.com.br\/noticia\/wp-json\/wp\/v2\/media?parent=134548"}],"wp:term":[{"taxonomy":"category","embeddable":true,"href":"https:\/\/migracao.redenoticia.com.br\/noticia\/wp-json\/wp\/v2\/categories?post=134548"},{"taxonomy":"post_tag","embeddable":true,"href":"https:\/\/migracao.redenoticia.com.br\/noticia\/wp-json\/wp\/v2\/tags?post=134548"}],"curies":[{"name":"wp","href":"https:\/\/api.w.org\/{rel}","templated":true}]}}