{"id":134550,"date":"2018-02-15T00:07:52","date_gmt":"2018-02-15T02:07:52","guid":{"rendered":"https:\/\/www.redenoticia.com.br\/noticia\/?p=134550"},"modified":"2018-02-14T21:16:19","modified_gmt":"2018-02-14T23:16:19","slug":"resultado-da-primeira-chamada-do-prouni-ja-esta-disponivel-na-internet","status":"publish","type":"post","link":"https:\/\/migracao.redenoticia.com.br\/noticia\/2018\/resultado-da-primeira-chamada-do-prouni-ja-esta-disponivel-na-internet\/134550","title":{"rendered":"Resultado da primeira chamada do ProUni j\u00e1 est\u00e1 dispon\u00edvel na internet"},"content":{"rendered":"<p> O resultado da primeira chamada do Programa Universidade para Todos (<strong><em>ProUni<\/em><\/strong>) foi divulgado na\u00a0. Os candidatos pr\u00e9-selecionados t\u00eam at\u00e9 o pr\u00f3ximo dia 23 para apresentar nas institui\u00e7\u00f5es de ensino os documentos que comprovem as informa\u00e7\u00f5es prestadas no momento da inscri\u00e7\u00e3o.<\/p>\n<p>Ap\u00f3s conferir o resultado do ProUni, o candidato pr\u00e9-selecionado deve verificar na institui\u00e7\u00e3o os hor\u00e1rios e o local de comparecimento para apresentar as informa\u00e7\u00f5es necess\u00e1rias. A perda do prazo ou a n\u00e3o comprova\u00e7\u00e3o das informa\u00e7\u00f5es implicar\u00e1, automaticamente, a reprova\u00e7\u00e3o. A lista com a documenta\u00e7\u00e3o a ser apresentada est\u00e1 dispon\u00edvel na p\u00e1gina do programa.<\/p>\n<p>Para quem n\u00e3o foi pr\u00e9-selecionado ainda haver\u00e1 a segunda chamada a ser divulgada no dia 2 de mar\u00e7o.<\/p>\n<p>O ProUni seleciona estudantes para receber bolsas de estudo integrais e parciais em institui\u00e7\u00f5es particulares de ensino superior com base na nota do Exame Nacional do Ensino M\u00e9dio (Enem). Nesta edi\u00e7\u00e3o, ser\u00e3o ofertadas 242.987 bolsas de estudo entre integrais e parciais.<\/p>\n<p>As integrais s\u00e3o destinadas aos estudantes com renda per capita de at\u00e9 um sal\u00e1rio m\u00ednimo e meio. J\u00e1 as bolsas parciais atendem aos candidatos que tenham renda familiar per capita de at\u00e9 tr\u00eas sal\u00e1rios m\u00ednimos.<\/p>\n<p>Falha<\/p>\n<p>No in\u00edcio da manh\u00e3, o acesso ao resultado do ProUni apareceu na p\u00e1gina do programa e minutos depois foi retirado, dando lugar \u00e0 mensagem \u201cAguarde o resultado da primeira chamada\u201d. A movimenta\u00e7\u00e3o fez com que circulasse a informa\u00e7\u00e3o de que o resultado foi divulgado e depois saiu do ar.<\/p>\n<p>Segundo a assessoria de imprensa do Minist\u00e9rio da Educa\u00e7\u00e3o, a divulga\u00e7\u00e3o estava prevista para meio-dia, embora os bot\u00f5es de acesso estivessem programados automaticamente para entrar no ar \u00e0s 9h. Assim que foi percebida a falha, o acesso foi retirado e o resultado divulgado apenas no final da manh\u00e3.<\/p>\n<p> Yara Aquino \u2013 Rep\u00f3rter da Ag\u00eancia Brasil<br \/>\nEdi\u00e7\u00e3o: Maria Claudia<br \/>\n15\/02\/2018<\/p>\n","protected":false},"excerpt":{"rendered":"<p>O resultado da primeira chamada do Programa Universidade para Todos (ProUni) foi divulgado na\u00a0. Os candidatos pr\u00e9-selecionados t\u00eam at\u00e9 o pr\u00f3ximo dia 23 para apresentar nas institui\u00e7\u00f5es de ensino os documentos que comprovem as informa\u00e7\u00f5es prestadas no momento da inscri\u00e7\u00e3o. Ap\u00f3s conferir o resultado do ProUni, o candidato pr\u00e9-selecionado deve verificar na institui\u00e7\u00e3o os hor\u00e1rios [&hellip;]<\/p>\n","protected":false},"author":2,"featured_media":23011,"comment_status":"open","ping_status":"closed","sticky":false,"template":"","format":"standard","meta":{"tdm_status":"","tdm_grid_status":"","footnotes":""},"categories":[22,351,370],"tags":[],"class_list":{"0":"post-134550","1":"post","2":"type-post","3":"status-publish","4":"format-standard","5":"has-post-thumbnail","7":"category-brasil","8":"category-cursos","9":"category-inscricao"},"_links":{"self":[{"href":"https:\/\/migracao.redenoticia.com.br\/noticia\/wp-json\/wp\/v2\/posts\/134550","targetHints":{"allow":["GET"]}}],"collection":[{"href":"https:\/\/migracao.redenoticia.com.br\/noticia\/wp-json\/wp\/v2\/posts"}],"about":[{"href":"https:\/\/migracao.redenoticia.com.br\/noticia\/wp-json\/wp\/v2\/types\/post"}],"author":[{"embeddable":true,"href":"https:\/\/migracao.redenoticia.com.br\/noticia\/wp-json\/wp\/v2\/users\/2"}],"replies":[{"embeddable":true,"href":"https:\/\/migracao.redenoticia.com.br\/noticia\/wp-json\/wp\/v2\/comments?post=134550"}],"version-history":[{"count":0,"href":"https:\/\/migracao.redenoticia.com.br\/noticia\/wp-json\/wp\/v2\/posts\/134550\/revisions"}],"wp:featuredmedia":[{"embeddable":true,"href":"https:\/\/migracao.redenoticia.com.br\/noticia\/wp-json\/wp\/v2\/media\/23011"}],"wp:attachment":[{"href":"https:\/\/migracao.redenoticia.com.br\/noticia\/wp-json\/wp\/v2\/media?parent=134550"}],"wp:term":[{"taxonomy":"category","embeddable":true,"href":"https:\/\/migracao.redenoticia.com.br\/noticia\/wp-json\/wp\/v2\/categories?post=134550"},{"taxonomy":"post_tag","embeddable":true,"href":"https:\/\/migracao.redenoticia.com.br\/noticia\/wp-json\/wp\/v2\/tags?post=134550"}],"curies":[{"name":"wp","href":"https:\/\/api.w.org\/{rel}","templated":true}]}}