{"id":134652,"date":"2018-02-16T00:08:38","date_gmt":"2018-02-16T02:08:38","guid":{"rendered":"https:\/\/www.redenoticia.com.br\/noticia\/?p=134652"},"modified":"2018-02-15T19:38:06","modified_gmt":"2018-02-15T21:38:06","slug":"aprenda-a-preparar-uma-lancheira-saudavel-na-volta-as-aulas","status":"publish","type":"post","link":"https:\/\/migracao.redenoticia.com.br\/noticia\/2018\/aprenda-a-preparar-uma-lancheira-saudavel-na-volta-as-aulas\/134652","title":{"rendered":"Aprenda a preparar uma lancheira saud\u00e1vel na volta \u00e0s aulas"},"content":{"rendered":"<p> Com o fim das f\u00e9rias e o retorno ao per\u00edodo letivo, os pais e respons\u00e1veis redobram os cuidados com a <strong><em>alimenta\u00e7\u00e3o das crian\u00e7as<\/em><\/strong> fora de casa. Uma das principais preocupa\u00e7\u00f5es \u00e9 com um lanche de qualidade e equilibrado. Pensando nisso, a Secretaria de Agricultura e Abastecimento do Estado de S\u00e3o Paulo preparou uma s\u00e9rie de v\u00eddeos com orienta\u00e7\u00f5es sobre como montar uma lancheira saud\u00e1vel e saborosa.<\/p>\n<p>\u201cA obesidade infantil acarreta problemas graves de sa\u00fade, que podem ser evitados com uma alimenta\u00e7\u00e3o baseada nos produtos da nossa rica agropecu\u00e1ria paulista. O uso adequado dos alimentos \u00e9 uma das principais recomenda\u00e7\u00f5es do governador Geraldo Alckmin para n\u00f3s, integrantes da Secretaria de Agricultura\u201d, destaca o secret\u00e1rio Arnaldo Jardim.<\/p>\n<p>Quem ensina como equilibrar os alimentos \u00e9 a equipe da Coordenadoria de Desenvolvimento dos Agroneg\u00f3cios, por meio das nutricionistas do Centro de Seguran\u00e7a Alimentar e Nutricional Sustent\u00e1vel. Ao todo, s\u00e3o cinco epis\u00f3dios que abordam como montar a lancheira, os sucos, as frutas, os carboidratos, as prote\u00ednas e os industrializados.<\/p>\n<p>Veja a s\u00e9rie que est\u00e1 dispon\u00edvel no canal\u00a0.<\/p>\n<p>Do Portal do Governo SP<\/p>\n","protected":false},"excerpt":{"rendered":"<p>Com o fim das f\u00e9rias e o retorno ao per\u00edodo letivo, os pais e respons\u00e1veis redobram os cuidados com a alimenta\u00e7\u00e3o das crian\u00e7as fora de casa. Uma das principais preocupa\u00e7\u00f5es \u00e9 com um lanche de qualidade e equilibrado. Pensando nisso, a Secretaria de Agricultura e Abastecimento do Estado de S\u00e3o Paulo preparou uma s\u00e9rie de [&hellip;]<\/p>\n","protected":false},"author":2,"featured_media":36215,"comment_status":"open","ping_status":"closed","sticky":false,"template":"","format":"standard","meta":{"tdm_status":"","tdm_grid_status":"","footnotes":""},"categories":[22,5],"tags":[],"class_list":{"0":"post-134652","1":"post","2":"type-post","3":"status-publish","4":"format-standard","5":"has-post-thumbnail","7":"category-brasil","8":"category-saude-e-vida"},"_links":{"self":[{"href":"https:\/\/migracao.redenoticia.com.br\/noticia\/wp-json\/wp\/v2\/posts\/134652","targetHints":{"allow":["GET"]}}],"collection":[{"href":"https:\/\/migracao.redenoticia.com.br\/noticia\/wp-json\/wp\/v2\/posts"}],"about":[{"href":"https:\/\/migracao.redenoticia.com.br\/noticia\/wp-json\/wp\/v2\/types\/post"}],"author":[{"embeddable":true,"href":"https:\/\/migracao.redenoticia.com.br\/noticia\/wp-json\/wp\/v2\/users\/2"}],"replies":[{"embeddable":true,"href":"https:\/\/migracao.redenoticia.com.br\/noticia\/wp-json\/wp\/v2\/comments?post=134652"}],"version-history":[{"count":0,"href":"https:\/\/migracao.redenoticia.com.br\/noticia\/wp-json\/wp\/v2\/posts\/134652\/revisions"}],"wp:featuredmedia":[{"embeddable":true,"href":"https:\/\/migracao.redenoticia.com.br\/noticia\/wp-json\/wp\/v2\/media\/36215"}],"wp:attachment":[{"href":"https:\/\/migracao.redenoticia.com.br\/noticia\/wp-json\/wp\/v2\/media?parent=134652"}],"wp:term":[{"taxonomy":"category","embeddable":true,"href":"https:\/\/migracao.redenoticia.com.br\/noticia\/wp-json\/wp\/v2\/categories?post=134652"},{"taxonomy":"post_tag","embeddable":true,"href":"https:\/\/migracao.redenoticia.com.br\/noticia\/wp-json\/wp\/v2\/tags?post=134652"}],"curies":[{"name":"wp","href":"https:\/\/api.w.org\/{rel}","templated":true}]}}