{"id":1349,"date":"2009-05-07T22:18:24","date_gmt":"2009-05-08T02:18:24","guid":{"rendered":"http:\/\/www.redenoticia.com.br\/noticia\/?p=1349"},"modified":"2009-05-07T22:18:24","modified_gmt":"2009-05-08T02:18:24","slug":"saude-confirma-quatro-casos-de-influenza-a-h1n1","status":"publish","type":"post","link":"https:\/\/migracao.redenoticia.com.br\/noticia\/2009\/saude-confirma-quatro-casos-de-influenza-a-h1n1\/1349","title":{"rendered":"Sa\u00fade confirma quatro casos de Influenza A (H1N1)"},"content":{"rendered":"<p><span style=\"font-size: small;\"><span>O ministro da Sa\u00fade, Jos\u00e9 Gomes Tempor\u00e3o, confirmou hoje (7) quatro casos de Influenza A (H1N1), novo subtipo do v\u00edrus da gripe no Brasil.\u00a0<br \/>\nS\u00e3o dois casos em S\u00e3o Paulo, um no Rio de Janeiro e um em Minas Gerais.\u00a0<span>Tr\u00eas<\/span><span>\u00a0deles vieram do M\u00e9xico e um, dos Estados Unidos. Todos os infectados contra\u00edram o v\u00edrus no exterior, s\u00e3o pacientes adultos jovens e passam bem.<\/span><\/span><span>\u00a0N<\/span><span>\u00e3o h\u00e1 crian\u00e7as nem idosos entre os casos confirmados (<em>veja detalhamento abaixo<\/em>).<\/span><span>\u00a0<\/span><span>Mais 15 est\u00e3o em processo de an\u00e1lise, cujos resultados provavelmente sair\u00e3o nesta sexta-feira.<\/span><\/span><\/p>\n<p><span><span style=\"font-size: small;\">Outros 93 testes de casos suspeitos e em monitoramento deram negativo. Ou seja, eles n\u00e3o est\u00e3o com a doen\u00e7a. \u201cO v\u00edrus chegou ao Brasil, mas n\u00e3o existe evid\u00eancia de que circule no pa\u00eds. A situa\u00e7\u00e3o est\u00e1 absolutamente sob controle\u201d, disse o ministro. \u201cQuero reiterar que a popula\u00e7\u00e3o fique tranquila. Isso demonstra que o sistema de vigil\u00e2ncia no Brasil funciona com qualidade\u201d.<\/span><\/span><\/p>\n<p><span><span style=\"font-size: small;\">A realiza\u00e7\u00e3o do diagn\u00f3stico espec\u00edfico da doen\u00e7a respirat\u00f3ria foi feita a partir da chegada ao Brasil dos kits com os insumos necess\u00e1rios, que foram enviados aos tr\u00eas laborat\u00f3rios de refer\u00eancia da Rede de Vigil\u00e2ncia de Influenza \u2013 Funda\u00e7\u00e3o Oswaldo Cruz (FIOCRUZ), no Rio de Janeiro, e Instituto Adolfo Lutz (IAL), em S\u00e3o Paulo, e Instituto Evandro Chagas, em Bel\u00e9m.<\/span><\/span><\/p>\n<p><span><span style=\"font-size: small;\">As an\u00e1lises das amostras de secre\u00e7\u00f5es respirat\u00f3rias coletadas nos pacientes suspeitos tiveram in\u00edcio nesta quinta-feira. Os resultados sa\u00edram antes das 72 horas inicialmente previstas. Os kits s\u00e3o suficientes para realizar todos os testes necess\u00e1rios no pa\u00eds, no momento. \u201cVamos continuar fazendo o mesmo trabalho, s\u00f3 que agora com uma arma muito importante, porque temos um reagente pronto para fazer o diagn\u00f3stico\u201d, avaliou o ministro.<\/span><\/span><\/p>\n<p><span><span style=\"font-size: small;\">Jos\u00e9 Gomes Tempor\u00e3o ressaltou que, no Brasil, h\u00e1 12,5 mil tratamentos prontos e mat\u00e9ria-prima para outros 9 milh\u00f5es. \u201cO Minist\u00e9rio da Sa\u00fade, os estados e os munic\u00edpios, e tamb\u00e9m os m\u00e9dicos e os hospitais, todos estamos preparados e em plena a\u00e7\u00e3o para dar seguran\u00e7a \u00e0 popula\u00e7\u00e3o e conter a doen\u00e7a no nosso pa\u00eds\u201d.<\/span><\/span><\/p>\n<p><span><span style=\"font-size: small;\">Tempor\u00e3o tamb\u00e9m fez um alerta \u00e0 popula\u00e7\u00e3o: \u201cAs pessoas n\u00e3o devem se automedicar, pois, al\u00e9m de perigoso para a sua sa\u00fade, os medicamentos podem mascarar a doen\u00e7a.\u201d<\/span><\/span><\/p>\n<p><span><span style=\"font-size: small;\">\u00a0<\/span><\/span><\/p>\n<p><strong><span style=\"text-decoration: underline;\"><span><span style=\"font-size: small;\">DETALHAMENTO DOS CASOS<\/span><\/span><\/span><\/strong><\/p>\n<p><span><span style=\"font-size: small;\">\u00a0<\/span><\/span><\/p>\n<p><strong><span><span style=\"font-size: small;\">Caso 1<\/span><\/span><\/strong><\/p>\n<p><span><span><span style=\"font-size: small;\">\u00b7<\/span><span>\u00a0\u00a0\u00a0\u00a0\u00a0\u00a0\u00a0\u00a0\u00a0<\/span><\/span><\/span><span style=\"font-size: small;\"><span>Paciente de S\u00e3o Paulo que esteve no M\u00e9xico de 17 a 22 de abril.<\/span><\/span><\/p>\n<p><span><span><span style=\"font-size: small;\">\u00b7<\/span><span>\u00a0\u00a0\u00a0\u00a0\u00a0\u00a0\u00a0\u00a0\u00a0<\/span><\/span><\/span><span style=\"font-size: small;\"><span>Come\u00e7ou a manifestar os sintomas no dia 24 de abril.<\/span><\/span><\/p>\n<p><span><span><span style=\"font-size: small;\">\u00b7<\/span><span>\u00a0\u00a0\u00a0\u00a0\u00a0\u00a0\u00a0\u00a0\u00a0<\/span><\/span><\/span><span style=\"font-size: small;\"><span>Ficou internado entre 29 de abril e 4 de maio.<\/span><\/span><\/p>\n<p><span><span><span style=\"font-size: small;\">\u00b7<\/span><span>\u00a0\u00a0\u00a0\u00a0\u00a0\u00a0\u00a0\u00a0\u00a0<\/span><\/span><\/span><span style=\"font-size: small;\"><span>Passa bem.<\/span><\/span><\/p>\n<p><span><span><span style=\"font-size: small;\">\u00b7<\/span><span>\u00a0\u00a0\u00a0\u00a0\u00a0\u00a0\u00a0\u00a0\u00a0<\/span><\/span><\/span><span style=\"font-size: small;\"><span>Como o maior per\u00edodo de transmissibilidade do v\u00edrus \u00e9 de dez dias, este paciente n\u00e3o corre risco de infectar outras pessoas.<\/span><strong><\/strong><\/span><\/p>\n<p><strong><span><span style=\"font-size: small;\">\u00a0<\/span><\/span><\/strong><\/p>\n<p><strong><span><span style=\"font-size: small;\">Caso 2<\/span><\/span><\/strong><\/p>\n<p><span><span><span style=\"font-size: small;\">\u00b7<\/span><span>\u00a0\u00a0\u00a0\u00a0\u00a0\u00a0\u00a0\u00a0\u00a0<\/span><\/span><\/span><span style=\"font-size: small;\"><span>Paciente de Minas Gerais que esteve no M\u00e9xico de 22 a 27 de abril.<\/span><\/span><\/p>\n<p><span><span><span style=\"font-size: small;\">\u00b7<\/span><span>\u00a0\u00a0\u00a0\u00a0\u00a0\u00a0\u00a0\u00a0\u00a0<\/span><\/span><\/span><span style=\"font-size: small;\"><span>Come\u00e7ou a manifestar os sintomas no dia 26 de abril, ainda no M\u00e9xico.<\/span><\/span><\/p>\n<p><span><span><span style=\"font-size: small;\">\u00b7<\/span><span>\u00a0\u00a0\u00a0\u00a0\u00a0\u00a0\u00a0\u00a0\u00a0<\/span><\/span><\/span><span style=\"font-size: small;\"><span>Foi internado no mesmo dia em que chegou ao Brasil.<\/span><\/span><\/p>\n<p><span><span><span style=\"font-size: small;\">\u00b7<\/span><span>\u00a0\u00a0\u00a0\u00a0\u00a0\u00a0\u00a0\u00a0\u00a0<\/span><\/span><\/span><span style=\"font-size: small;\"><span>Recebeu alta no dia 29 de abril porque s\u00f3 tinha febre relatada, sem aferi\u00e7\u00e3o por term\u00f4metro.<\/span><\/span><\/p>\n<p><span><span><span style=\"font-size: small;\">\u00b7<\/span><span>\u00a0\u00a0\u00a0\u00a0\u00a0\u00a0\u00a0\u00a0\u00a0<\/span><\/span><\/span><span><span style=\"font-size: small;\">Permaneceu em isolamento domiciliar at\u00e9 o dia 6 de maio.<\/span><\/span><\/p>\n<p><span><span><span style=\"font-size: small;\">\u00b7<\/span><span>\u00a0\u00a0\u00a0\u00a0\u00a0\u00a0\u00a0\u00a0\u00a0<\/span><\/span><\/span><span style=\"font-size: small;\"><span>Passa bem.<\/span><\/span><\/p>\n<p><span><span><span style=\"font-size: small;\">\u00b7<\/span><span>\u00a0\u00a0\u00a0\u00a0\u00a0\u00a0\u00a0\u00a0\u00a0<\/span><\/span><\/span><span style=\"font-size: small;\"><span>Como o maior per\u00edodo de transmissibilidade do v\u00edrus \u00e9 de dez dias, este paciente n\u00e3o corre risco de infectar outras pessoas.<\/span><strong><\/strong><\/span><\/p>\n<p><span><span style=\"font-size: small;\">\u00a0<\/span><\/span><\/p>\n<p><strong><span><span style=\"font-size: small;\">Caso 3<\/span><\/span><\/strong><\/p>\n<p><span><span><span style=\"font-size: small;\">\u00b7<\/span><span>\u00a0\u00a0\u00a0\u00a0\u00a0\u00a0\u00a0\u00a0\u00a0<\/span><\/span><\/span><span style=\"font-size: small;\"><span>Paciente de S\u00e3o Paulo que esteve em Miami e Orlando (Fl\u00f3rida\/Estados Unidos).<\/span><\/span><\/p>\n<p><span><span><span style=\"font-size: small;\">\u00b7<\/span><span>\u00a0\u00a0\u00a0\u00a0\u00a0\u00a0\u00a0\u00a0\u00a0<\/span><\/span><\/span><span style=\"font-size: small;\"><span>Chegou ao Brasil no dia 28 de abril.<\/span><\/span><\/p>\n<p><span><span><span style=\"font-size: small;\">\u00b7<\/span><span>\u00a0\u00a0\u00a0\u00a0\u00a0\u00a0\u00a0\u00a0\u00a0<\/span><\/span><\/span><span style=\"font-size: small;\"><span>Come\u00e7ou a manifestar os sintomas no dia 29.<\/span><\/span><\/p>\n<p><span><span><span style=\"font-size: small;\">\u00b7<\/span><span>\u00a0\u00a0\u00a0\u00a0\u00a0\u00a0\u00a0\u00a0\u00a0<\/span><\/span><\/span><span style=\"font-size: small;\"><span>N\u00e3o foi internado porque, de acordo com a Organiza\u00e7\u00e3o Mundial de Sa\u00fade, nesta data, a Fl\u00f3rida n\u00e3o era considerada \u00e1rea afetada pela doen\u00e7a nos Estados Unidos. Isto s\u00f3 aconteceria no dia 2 de maio.<\/span><\/span><\/p>\n<p><span><span><span style=\"font-size: small;\">\u00b7<\/span><span>\u00a0\u00a0\u00a0\u00a0\u00a0\u00a0\u00a0\u00a0\u00a0<\/span><\/span><\/span><span style=\"font-size: small;\"><span>Foi mantido em isolamento domiciliar.<\/span><\/span><\/p>\n<p><span><span><span style=\"font-size: small;\">\u00b7<\/span><span>\u00a0\u00a0\u00a0\u00a0\u00a0\u00a0\u00a0\u00a0\u00a0<\/span><\/span><\/span><span style=\"font-size: small;\"><span>Passa bem.<\/span><\/span><\/p>\n<p><span><span><span style=\"font-size: small;\">\u00b7<\/span><span>\u00a0\u00a0\u00a0\u00a0\u00a0\u00a0\u00a0\u00a0\u00a0<\/span><\/span><\/span><span style=\"font-size: small;\"><span>Nenhum dos familiares manifestou sintomas.<\/span><\/span><\/p>\n<p><span><span style=\"font-size: small;\">\u00a0<\/span><\/span><\/p>\n<p><strong><span><span style=\"font-size: small;\">Caso 4<\/span><\/span><\/strong><\/p>\n<p><span><span><span style=\"font-size: small;\">\u00b7<\/span><span>\u00a0\u00a0\u00a0\u00a0\u00a0\u00a0\u00a0\u00a0\u00a0<\/span><\/span><\/span><span style=\"font-size: small;\"><span>Paciente do Rio de Janeiro que esteve no M\u00e9xico.<\/span><\/span><\/p>\n<p><span><span><span style=\"font-size: small;\">\u00b7<\/span><span>\u00a0\u00a0\u00a0\u00a0\u00a0\u00a0\u00a0\u00a0\u00a0<\/span><\/span><\/span><span style=\"font-size: small;\"><span>Retornou ao Brasil no dia 3 de maio.<\/span><\/span><\/p>\n<p><span><span><span style=\"font-size: small;\">\u00b7<\/span><span>\u00a0\u00a0\u00a0\u00a0\u00a0\u00a0\u00a0\u00a0\u00a0<\/span><\/span><\/span><span style=\"font-size: small;\"><span>Come\u00e7ou a manifestar os sintomas no dia 2 de maio, ainda no M\u00e9xico.<\/span><\/span><\/p>\n<p><span><span><span style=\"font-size: small;\">\u00b7<\/span><span>\u00a0\u00a0\u00a0\u00a0\u00a0\u00a0\u00a0\u00a0\u00a0<\/span><\/span><\/span><span style=\"font-size: small;\"><span>Est\u00e1 internado desde o dia 5 de maio.<\/span><\/span><\/p>\n<p><span><span><span style=\"font-size: small;\">\u00b7<\/span><span>\u00a0\u00a0\u00a0\u00a0\u00a0\u00a0\u00a0\u00a0\u00a0<\/span><\/span><\/span><span style=\"font-size: small;\"><span>Passa bem.<\/span><\/span><\/p>\n<p><strong><span>\u00a0<\/span><\/strong><\/p>\n<p><strong><span>MONITORAMENTO \u2013\u00a0<\/span><\/strong><span><span style=\"font-size: small;\">Em 25 de abril, quando o pa\u00eds foi notificado pela OMS sobre casos confirmados de infec\u00e7\u00f5es de um novo subtipo de v\u00edrus da gripe \u2013 Influenza A (H1N1) \u2013 o governo brasileiro acionou o Gabinete Permanente de Emerg\u00eancia de Sa\u00fade P\u00fablica para acompanhar e determinar a\u00e7\u00f5es de preven\u00e7\u00e3o \u00e0 doen\u00e7a no Brasil. Desde ent\u00e3o, o grupo se re\u00fane todos os dias, na sede do Minist\u00e9rio da Sa\u00fade. Participam representantes dos Minist\u00e9rios da Sa\u00fade, Agricultura, Defesa, Presid\u00eancia da Rep\u00fablica e Ag\u00eancia Nacional de Vigil\u00e2ncia Sanit\u00e1ria (ANVISA).<\/span><\/span><\/p>\n<p><strong><span>\u00a0<\/span><\/strong><\/p>\n<p><strong><span>A\u00c7\u00d5ES \u2013\u00a0<\/span><\/strong><span><span style=\"font-size: small;\">O Brasil est\u00e1 bem preparado para uma poss\u00edvel pandemia de influenza. Isso porque o governo brasileiro j\u00e1 havia come\u00e7ado a estruturar sua rede de vigil\u00e2ncia para influenza em 2000. Por causa de uma ent\u00e3o poss\u00edvel pandemia de gripe avi\u00e1ria, em 2003, o governo brasileiro constituiu um comit\u00ea t\u00e9cnico para a elabora\u00e7\u00e3o do plano de prepara\u00e7\u00e3o brasileiro para o enfrentamento de uma pandemia de influenza. Esse plano est\u00e1 pronto h\u00e1 mais de dois anos e come\u00e7ou a ser colocado em pr\u00e1tica no momento em que o Brasil foi notificado pela OMS dos casos de Influenza A (H1N1), em 25 de abril passado.<\/span><\/span><\/p>\n<p><span><span style=\"font-size: small;\">O Brasil conta com 54 centros de refer\u00eancia, em todo o Brasil, preparados para tratar poss\u00edveis doentes. Estas unidades se enquadram em par\u00e2metros exigidos pela Organiza\u00e7\u00e3o Mundial de Sa\u00fade (OMS) para o atendimento da doen\u00e7a, com \u00e1rea livre para isolamento de contato, equipamentos de prote\u00e7\u00e3o individuais para acompanhamento, exames e tratamento dos casos.<\/span><\/span><\/p>\n<p><span><span style=\"font-size: small;\">\u00a0<\/span><\/span><\/p>\n<p><strong><span>VIAJANTES<\/span><\/strong><span><span style=\"font-size: small;\">\u00a0\u2013 Com a eleva\u00e7\u00e3o do n\u00edvel de alerta da OMS de 4 para 5, a Anvisa passou a monitorar todos os v\u00f4os internacionais que chegam ao Brasil. Em caso de identifica\u00e7\u00e3o de casos suspeitos, o viajante permanecer\u00e1 a bordo, juntamente com passageiros pr\u00f3ximos a ele para avalia\u00e7\u00e3o cl\u00ednica e epidemiol\u00f3gica, e se necess\u00e1rio, encaminhamento para hospital de refer\u00eancia. Os demais passageiros ser\u00e3o liberados, ap\u00f3s receberem informa\u00e7\u00f5es sobre a doen\u00e7a.<\/span><\/span><\/p>\n<p><span><span style=\"font-size: small;\">Para aumentar a vigil\u00e2ncia, a ANVISA ampliou seu quadro de funcion\u00e1rios nos aeroportos de Guarulhos, em S\u00e3o Paulo, e Gale\u00e3o, no Rio de Janeiro, principais portas de entrada dos v\u00f4os internacionais no Brasil. No momento, 82 funcion\u00e1rios se revezam em tr\u00eas turnos, em Guarulhos, e 55, no Gale\u00e3o.<\/span><\/span><\/p>\n<p><span><span style=\"font-size: small;\">Ainda durante os voos, as tripula\u00e7\u00f5es das aeronaves est\u00e3o orientadas a informar os passageiros sobre sinais e sintomas da influenza A (H1N1). Adicionalmente, a tripula\u00e7\u00e3o solicitar\u00e1 que passageiros com esses sintomas se identifiquem \u00e0 tripula\u00e7\u00e3o. Esses passageiros identificados ser\u00e3o encaminhados para os postos da ANVISA ainda no aeroporto.<\/span><\/span><\/p>\n<p><span><span style=\"font-size: small;\">Ao desembarcar, todos os viajantes procedentes de pa\u00edses afetados, recebem folder\/panfleto com informa\u00e7\u00f5es, em portugu\u00eas, ingl\u00eas e espanhol, sobre os sinais e sintomas, medidas de prote\u00e7\u00e3o, higiene e orienta\u00e7\u00f5es para procurar assist\u00eancia m\u00e9dica. Complementarmente, a Infraero veicula, nesses aeroportos, informes sonoros sobre a doen\u00e7a.<\/span><\/span><\/p>\n<p><span><span style=\"font-size: small;\">Todos os passageiros vindos de outros pa\u00edses t\u00eam suas Declara\u00e7\u00f5es de Bagagem Acompanhada (DBA), retidas pela ANVISA. A DBA atua como fonte de informa\u00e7\u00f5es para eventual busca de contatos se for detectado caso suspeito na mesma aeronave.<\/span><\/span><\/p>\n<p><span><span style=\"font-size: small;\">O passageiro procedente de pa\u00eds afetado que sentir os sintomas em casa ap\u00f3s 10 dias de retorno da viagem deve procurar assist\u00eancia m\u00e9dica na unidade de sa\u00fade mais pr\u00f3xima e informar ao profissional de sa\u00fade o seu roteiro de viagem.<\/span><\/span><\/p>\n<p><span><span style=\"font-size: small;\">Nas embarca\u00e7\u00f5es que chegam ao pa\u00eds, o comandante ou representante legal deve informar imediatamente \u00e0 autoridade sanit\u00e1ria todos os casos que se encaixam na defini\u00e7\u00e3o de suspeito para influenza A (H1N1). Nessa situa\u00e7\u00e3o, as embarca\u00e7\u00f5es s\u00f3 recebem autoriza\u00e7\u00e3o para atracar ap\u00f3s a inspe\u00e7\u00e3o sanit\u00e1ria a bordo, realizada em fundeio ou \u00e1rea designada.<\/span><\/span><\/p>\n<p><span style=\"font-size: small;\"><span>Res\u00edduos s\u00f3lidos provenientes de aeronaves ou embarca\u00e7\u00f5es com casos suspeitos ser\u00e3o classificados como res\u00edduos do tipo A, ou seja, potencialmente infectantes. O descarte desses res\u00edduos passar\u00e1 por procedimentos de inativa\u00e7\u00e3o microbiol\u00f3gica antes da destina\u00e7\u00e3o final.<\/span><\/span><\/p>\n","protected":false},"excerpt":{"rendered":"<p>O ministro da Sa\u00fade, Jos\u00e9 Gomes Tempor\u00e3o, confirmou hoje (7) quatro casos de Influenza A (H1N1), novo subtipo do v\u00edrus da gripe no Brasil.\u00a0 S\u00e3o dois casos em S\u00e3o Paulo, um no Rio de Janeiro e um em Minas Gerais.\u00a0Tr\u00eas\u00a0deles vieram do M\u00e9xico e um, dos Estados Unidos. Todos os infectados contra\u00edram o v\u00edrus no [&hellip;]<\/p>\n","protected":false},"author":2,"featured_media":0,"comment_status":"open","ping_status":"open","sticky":false,"template":"","format":"standard","meta":{"tdm_status":"","tdm_grid_status":"","footnotes":""},"categories":[5],"tags":[],"class_list":{"0":"post-1349","1":"post","2":"type-post","3":"status-publish","4":"format-standard","6":"category-saude-e-vida"},"_links":{"self":[{"href":"https:\/\/migracao.redenoticia.com.br\/noticia\/wp-json\/wp\/v2\/posts\/1349","targetHints":{"allow":["GET"]}}],"collection":[{"href":"https:\/\/migracao.redenoticia.com.br\/noticia\/wp-json\/wp\/v2\/posts"}],"about":[{"href":"https:\/\/migracao.redenoticia.com.br\/noticia\/wp-json\/wp\/v2\/types\/post"}],"author":[{"embeddable":true,"href":"https:\/\/migracao.redenoticia.com.br\/noticia\/wp-json\/wp\/v2\/users\/2"}],"replies":[{"embeddable":true,"href":"https:\/\/migracao.redenoticia.com.br\/noticia\/wp-json\/wp\/v2\/comments?post=1349"}],"version-history":[{"count":0,"href":"https:\/\/migracao.redenoticia.com.br\/noticia\/wp-json\/wp\/v2\/posts\/1349\/revisions"}],"wp:attachment":[{"href":"https:\/\/migracao.redenoticia.com.br\/noticia\/wp-json\/wp\/v2\/media?parent=1349"}],"wp:term":[{"taxonomy":"category","embeddable":true,"href":"https:\/\/migracao.redenoticia.com.br\/noticia\/wp-json\/wp\/v2\/categories?post=1349"},{"taxonomy":"post_tag","embeddable":true,"href":"https:\/\/migracao.redenoticia.com.br\/noticia\/wp-json\/wp\/v2\/tags?post=1349"}],"curies":[{"name":"wp","href":"https:\/\/api.w.org\/{rel}","templated":true}]}}