{"id":1353,"date":"2009-05-07T22:21:49","date_gmt":"2009-05-08T02:21:49","guid":{"rendered":"http:\/\/www.redenoticia.com.br\/noticia\/?p=1353"},"modified":"2009-05-07T22:23:24","modified_gmt":"2009-05-08T02:23:24","slug":"para-entender-a-influenza-perguntas-e-respostas","status":"publish","type":"post","link":"https:\/\/migracao.redenoticia.com.br\/noticia\/2009\/para-entender-a-influenza-perguntas-e-respostas\/1353","title":{"rendered":"Para entender a influenza: perguntas e respostas"},"content":{"rendered":"<p><strong><span><span>1.<span>\u00a0\u00a0\u00a0\u00a0\u00a0\u00a0<\/span><\/span><\/span><\/strong><strong><span>O que \u00e9 a influenza A (H1N1)?<\/span><\/strong><\/p>\n<p><span>\u00c9 uma doen\u00e7a respirat\u00f3ria aguda (gripe), causada pelo v\u00edrus A (H1N1). Este novo subtipo do v\u00edrus da influenza, assim como a gripe comum, \u00e9 transmitido de pessoa a pessoa principalmente por meio de tosse ou espirro\u00a0<span class=\"il\">e<\/span>\u00a0de contato com secre\u00e7\u00f5es respirat\u00f3rias de pessoas infectadas.<\/span><\/p>\n<p><span>\u00a0<\/span><\/p>\n<p><span>\u00a0<\/span><\/p>\n<p><strong><span><span>2.<span>\u00a0\u00a0\u00a0\u00a0\u00a0\u00a0<\/span><\/span><\/span><\/strong><strong><span><span>\u00a0<\/span>Quais os sintomas que definem um caso suspeito de influenza A (H1N1)?<\/span><\/strong><\/p>\n<p><span>Febre alta de maneira repentina (maior que 38\u00baC)\u00a0<span class=\"il\">e<\/span>\u00a0tosse podendo estar acompanhadas de algum dos seguintes sintomas: dor de cabe\u00e7a, dores musculares\u00a0<span class=\"il\">e<\/span>\u00a0nas articula\u00e7\u00f5es, dificuldade respirat\u00f3ria;<\/span><\/p>\n<p><strong><span><span class=\"il\">E<\/span><\/span><\/strong><\/p>\n<p><span><span>\u00b7<span>\u00a0\u00a0\u00a0\u00a0\u00a0\u00a0\u00a0\u00a0<\/span><\/span><\/span><span>ter apresentado esses sintomas at\u00e9 10 dias ap\u00f3s sair de pa\u00edses que reportaram casos pela influenza A (H1N1);<\/span><\/p>\n<p><strong><span>OU<\/span><\/strong><\/p>\n<p><span><span>\u00b7<span>\u00a0\u00a0\u00a0\u00a0\u00a0\u00a0\u00a0\u00a0<\/span><\/span><\/span><span>ter tido contato pr\u00f3ximo nos \u00faltimos 10 dias com pessoa classificada como caso suspeito de infec\u00e7\u00e3o humana pelo novo subtipo de influenza.<\/span><\/p>\n<p><span>\u00a0<\/span><\/p>\n<p><strong><span>Observa\u00e7\u00e3o:\u00a0<\/span><\/strong><span>Contato pr\u00f3ximo: indiv\u00edduo que cuida, convive ou teve contato direto com secre\u00e7\u00f5es respirat\u00f3rias ou flu\u00eddos corporais de um caso confirmado.<\/span><\/p>\n<p><span>\u00a0<\/span><\/p>\n<p><span>\u00a0<\/span><\/p>\n<p><strong><span><span>3.<span>\u00a0\u00a0\u00a0\u00a0\u00a0\u00a0<\/span><\/span><\/span><\/strong><strong><span>Em quanto tempo, a partir da transmiss\u00e3o, os sintomas aparecem?<\/span><\/strong><\/p>\n<p><span>Os sintomas podem iniciar no per\u00edodo de 3 a 7 dias ap\u00f3s contato com esse novo subtipo do v\u00edrus\u00a0<span class=\"il\">e<\/span>\u00a0a transmiss\u00e3o ocorre, principalmente, em locais fechados.<\/span><\/p>\n<p><span>\u00a0<\/span><\/p>\n<p><span>\u00a0<\/span><\/p>\n<p><strong><span>4.\u00a0<span>\u00a0<\/span>H\u00e1 uma vacina que possa proteger a popula\u00e7\u00e3o humana contra essa doen\u00e7a?<\/span><\/strong><\/p>\n<p><span>N\u00e3o. N\u00e3o existe vacina contra esse novo subtipo de v\u00edrus da influenza.\u00a0<span>\u00a0<\/span>H\u00e1 pesquisas em andamento, mas n\u00e3o h\u00e1 previs\u00e3o para o desenvolvimento desta vacina.<\/span><\/p>\n<p><span>\u00a0<\/span><\/p>\n<p><strong><span>5. A<\/span><\/strong><strong><span>\u00a0vacina contra gripe comum protege contra a influenza A (H1N1)?<\/span><\/strong><\/p>\n<p><span>N\u00e3o h\u00e1, at\u00e9 o momento, nenhuma evid\u00eancia de que a vacina contra gripe comum proteja contra gripe do v\u00edrus A (H1N1).<\/span><\/p>\n<p><span><span>\u00a0<\/span><\/span><\/p>\n<p><span>\u00a0<\/span><\/p>\n<p><strong><span>6. H\u00e1 tratamento para Influenza A (H1N1) no Brasil?<\/span><\/strong><\/p>\n<p><span>Sim. H\u00e1 um medicamento antiviral (fosfato de oseltamivir) indicado pela Organiza\u00e7\u00e3o Mundial de Sa\u00fade (OMS)\u00a0<span class=\"il\">e<\/span>dispon\u00edvel na rede p\u00fablica de sa\u00fade que ser\u00e1 usado apenas por recomenda\u00e7\u00e3o m\u00e9dica, a partir de um protocolo definido pelo Minist\u00e9rio da Sa\u00fade. O rem\u00e9dio s\u00f3 faz efeito se for tomado at\u00e9 48 horas a partir do in\u00edcio dos sintomas.<span>\u00a0<\/span>ALERTA:\u00a0<span style=\"text-decoration: underline;\">Ningu\u00e9m deve tomar o medicamento sem indica\u00e7\u00e3o m\u00e9dica. A automedica\u00e7\u00e3o pode mascarar sintomas, retardar o diagn\u00f3stico\u00a0<span class=\"il\">e<\/span>\u00a0at\u00e9 causar resist\u00eancia ao v\u00edrus.<\/span><\/span><\/p>\n<p><span style=\"text-decoration: underline;\"><span><span>\u00a0<\/span><\/span><\/span><\/p>\n<p><strong><span>\u00a0<\/span><\/strong><\/p>\n<p><strong><span>7. O Brasil tem estoque de medicamento para tratamento de pacientes?<\/span><\/strong><\/p>\n<p><span>Sim. O Minist\u00e9rio da Sa\u00fade conta com estoque estrat\u00e9gico suficiente para tratamento de casos de influenza A (H1N1). Para uso imediato, h\u00e1 6.250 tratamentos adultos\u00a0<span class=\"il\">e<\/span>\u00a06.250 pedi\u00e1tricos, que est\u00e3o sendo enviados aos estados de acordo com a necessidade. Al\u00e9m disso, o governo brasileiro possui, acondicionada em ton\u00e9is, mat\u00e9ria-prima para 9 milh\u00f5es de tratamentos.<span>\u00a0\u00a0<\/span>O medicamento bruto est\u00e1 pronto para ser transformado em c\u00e1psulas.<span>\u00a0\u00a0<\/span>O inicio do processamento ser\u00e1 indicado pelo Minist\u00e9rio da Sa\u00fade, conforme a necessidade.<\/span><\/p>\n<p><strong><span>\u00a0<\/span><\/strong><\/p>\n<p><strong><span>\u00a0<\/span><\/strong><\/p>\n<p><strong><span>8. \u00c9 seguro comer carne de porco\u00a0<span class=\"il\">e<\/span>\u00a0produtos derivados?<\/span><\/strong><\/p>\n<p><span>\u00a0Sim.<span>\u00a0\u00a0<\/span>Embora o nome popular da doen\u00e7a remeta a su\u00ednos, n\u00e3o h\u00e1 evid\u00eancias de que esse novo subtipo de v\u00edrus tenha acometido porcos.<span>\u00a0\u00a0<\/span>Portanto, n\u00e3o h\u00e1 risco no contato\u00a0<span class=\"il\">e<\/span>\u00a0consumo de produtos de origem su\u00edna.<\/span><\/p>\n<p><span>\u00a0<\/span><\/p>\n<p><strong><span>\u00a0<\/span><\/strong><\/p>\n<p><strong><span>9. O que \u00e9 uma pandemia?<\/span><\/strong><\/p>\n<p><span>\u00a0<\/span><\/p>\n<p><span>Uma pandemia ocorre quando surge um novo v\u00edrus contra o qual a popula\u00e7\u00e3o n\u00e3o est\u00e1 imunizada \u2013 n\u00e3o h\u00e1 vacina pronta, nem o corpo das pessoas conhece o v\u00edrus. Assim, muitos s\u00e3o atingidos, resultando em uma epidemia que se espalha em diversos pa\u00edses. Fatores como o incremento do fluxo de pessoas entre pa\u00edses, a urbaniza\u00e7\u00e3o\u00a0<span class=\"il\">e<\/span>\u00a0o crescimento populacional contribuem para acelerar esse processo.<\/span><\/p>\n<p><span><br \/>\nA Organiza\u00e7\u00e3o Mundial da Sa\u00fade (OMS) divide seus pa\u00edses membros em seis regi\u00f5es: \u00c1frica, Am\u00e9ricas, Sudeste Asi\u00e1tico, Europa, Mediterr\u00e2neo Oriental\u00a0<span class=\"il\">e<\/span>\u00a0Pac\u00edfico Ocidental. Al\u00e9m disso, possui fases de alerta para pandemia, em uma escala de 1 a 6.<\/span><\/p>\n<p><span>\u00a0<\/span><\/p>\n<p><span>O alerta 5 da OMS, fase em que nos encontramos no momento, \u00e9 quando o h\u00e1 transmiss\u00e3o sustentada do v\u00edrus, de homem para homem, em pelo menos dois pa\u00edses de uma dessas regi\u00f5es.<\/span><\/p>\n<p><span>\u00a0<\/span><\/p>\n<p><span>O organismo internacional eleva o n\u00edvel de alerta para a fase 6 quando h\u00e1 uma transmiss\u00e3o sustentada do v\u00edrus, de homem para homem,<span>\u00a0\u00a0<\/span>em pelo menos duas dessas regi\u00f5es.\u00a0\u00a0\u00a0<\/span><\/p>\n<p style=\"text-align: center;\" align=\"center\"><span><img loading=\"lazy\" decoding=\"async\" class=\"aligncenter\" src=\"http:\/\/mail.google.com\/mail\/?ui=2&amp;ik=2ca88d5ea9&amp;view=att&amp;th=121177d41b9e5357&amp;attid=0.1&amp;disp=emb&amp;zw\" border=\"0\" alt=\"\" width=\"400\" height=\"275\" \/><\/span><\/p>\n<p><span><span>\u00a0<\/span><\/span><\/p>\n<p><span>\u00a0<\/span><\/p>\n<p><span>\u00a0<\/span><\/p>\n<p><span>\u00a0<\/span><\/p>\n<p><span style=\"font-size: small;\"><strong><span>10.<\/span><\/strong><span>\u00a0<\/span><\/span><strong><span>Como o Brasil est\u00e1 se preparando para uma pandemia de Influenza A (H1N1)?<\/span><\/strong><\/p>\n<p><span>O Brasil est\u00e1 bem preparado para uma poss\u00edvel pandemia. Isso porque o governo brasileiro j\u00e1 havia come\u00e7ado a estruturar sua rede de vigil\u00e2ncia para influenza h\u00e1 nove anos (em 2000). Por causa de uma ent\u00e3o poss\u00edvel pandemia de gripe avi\u00e1ria, em 2003, o governo brasileiro constituiu um comit\u00ea t\u00e9cnico para a elabora\u00e7\u00e3o do\u00a0<span>plano de prepara\u00e7\u00e3o brasileiro para o enfrentamento de uma pandemia de influenza. Esse plano est\u00e1 pronto h\u00e1 mais de dois anos\u00a0<span class=\"il\">e<\/span>\u00a0come\u00e7ou a ser colocado em pr\u00e1tica\u00a0<\/span>no momento em que o Brasil foi notificado pela OMS dos casos de Influenza A (H1N1), em 25 de abril passado. O Brasil conta com 54 centros de refer\u00eancia, em todo o Brasil, preparados para tratar poss\u00edveis doentes.<\/span><span style=\"font-family: 'Times New Roman'; font-size: small;\">\u00a0<\/span><span>Estas unidades se enquadram em par\u00e2metros exigidos pela OMS para o atendimento \u00e0 essa doen\u00e7a, com \u00e1rea livre para isolamento de contato, equipamentos de prote\u00e7\u00e3o individuais para acompanhamento, exames\u00a0<span class=\"il\">e<\/span>\u00a0tratamento dos casos.<\/span><\/p>\n<p><strong><span>\u00a0<\/span><\/strong><\/p>\n<p><strong><span>\u00a0<\/span><\/strong><\/p>\n<p><strong><span>11. Houve alguma medida com rela\u00e7\u00e3o aos voos internacionais?<\/span><\/strong><\/p>\n<p><span>\u00a0<\/span><\/p>\n<p><span>Sim. Dentro da aeronave em voo: as tripula\u00e7\u00f5es das aeronaves est\u00e3o orientadas a informar os passageiros, ainda durante o v\u00f4o, sobre sinais\u00a0<span class=\"il\">e<\/span>\u00a0sintomas da influenza A (H1N1). Adicionalmente, a tripula\u00e7\u00e3o solicitar\u00e1 que passageiros com esses sintomas se identifiquem \u00e0 tripula\u00e7\u00e3o. Esses passageiros identificados ser\u00e3o encaminhados para os postos da Anvisa ainda no aeroporto.<\/span><\/p>\n<p><span>\u00a0<\/span><\/p>\n<p><span>Ao desembarcar, todos os viajantes procedentes de pa\u00edses afetados, recebem folder\/panfleto com informa\u00e7\u00f5es, em portugu\u00eas, ingl\u00eas\u00a0<span class=\"il\">e<\/span>\u00a0espanhol, sobre os sinais\u00a0<span class=\"il\">e<\/span>\u00a0sintomas, medidas de prote\u00e7\u00e3o, higiene\u00a0<span class=\"il\">e<\/span>\u00a0orienta\u00e7\u00f5es para procurar assist\u00eancia m\u00e9dica. Complementarmente, a Infraero veicula, nesses aeroportos, informe sonoro.<\/span><\/p>\n<p><span>\u00a0<\/span><\/p>\n<p><span>Todos os passageiros vindos de outros pa\u00edses tem suas Declara\u00e7\u00e3o de Bagagem Acompanhada (DBA), retidas pela ANVISA. A DBA atua como fonte de informa\u00e7\u00f5es para eventual busca de contatos se for detectado caso suspeito na mesma aeronave.<\/span><\/p>\n<p><span>\u00a0<\/span><\/p>\n<p><span>O passageiro procedente de pa\u00eds afetado que sentir os sintomas em casa ap\u00f3s 10 dias de retorno da viagem deve procurar assist\u00eancia m\u00e9dica na unidade de sa\u00fade mais pr\u00f3xima\u00a0<span class=\"il\">e<\/span>\u00a0informar ao profissional de sa\u00fade o seu roteiro de viagem.<\/span><\/p>\n<p><span>\u00a0<\/span><\/p>\n<p><span>\u00a0<\/span><\/p>\n<p><strong><span>\u00a0<\/span><\/strong><\/p>\n<p><strong><span>12. Como est\u00e1 sendo feito o controle sanit\u00e1rio de passageiros internacionais nos<span>\u00a0\u00a0<\/span>aeroportos do pa\u00eds?<\/span><\/strong><\/p>\n<p><span>\u00a0<\/span><\/p>\n<p><span>Com a eleva\u00e7\u00e3o do n\u00edvel de alerta da OMS de 4 para 5, a Anvisa passou a monitorar todos os v\u00f4os internacionais que chegam ao Brasil. Em caso de identifica\u00e7\u00e3o de casos suspeitos, o viajante permanecer\u00e1 a bordo, juntamente com passageiros pr\u00f3ximos a ele<span>\u00a0\u00a0<\/span>para avalia\u00e7\u00e3o cl\u00ednica\u00a0<span class=\"il\">e<\/span>\u00a0epidemiol\u00f3gica,\u00a0<span class=\"il\">e<\/span>\u00a0se necess\u00e1rio, encaminhamento para hospital de refer\u00eancia. Os demais passageiros ser\u00e3o liberados, ap\u00f3s receberem informa\u00e7\u00f5es sobre a doen\u00e7a.<\/span><\/p>\n<p><span>\u00a0<\/span><\/p>\n<p><span>Para ampliar a vigil\u00e2ncia, a ANVISA ampliou seu quadro de funcion\u00e1rios nos aeroportos<\/span><\/p>\n<p><span>de Guarulhos, em S\u00e3o Paulo,\u00a0<span class=\"il\">e<\/span>\u00a0Gale\u00e3o, no Rio de Janeiro, principais portas de entrada dos v\u00f4os internacionais no Brasil. No momento, 82 funcion\u00e1rios se revezam em tr\u00eas turnos, em Guarulhos,\u00a0<span class=\"il\">e<\/span>\u00a055, no Gale\u00e3o.<\/span><\/p>\n<p><span>\u00a0<\/span><\/p>\n<p><span>\u00a0<\/span><\/p>\n<p><strong><span>13. Quais a\u00e7\u00f5es de controle est\u00e3o sendo feitas em navios?<\/span><\/strong><\/p>\n<p><span>Nas embarca\u00e7\u00f5es que chegam ao pa\u00eds, o comandante ou representante legal deve informar imediatamente \u00e0 autoridade sanit\u00e1ria todos os casos que se encaixam na defini\u00e7\u00e3o de suspeito para influenza A (H1N1). Nessa situa\u00e7\u00e3o, as embarca\u00e7\u00f5es s\u00f3 recebem autoriza\u00e7\u00e3o para atracar ap\u00f3s a inspe\u00e7\u00e3o sanit\u00e1ria a bordo, realizada em fundeio ou \u00e1rea designada.<\/span><\/p>\n<p><strong><span>14. Qual \u00e9 tratamento dado aos res\u00edduos s\u00f3lidos de navios ou aeronaves?<\/span><\/strong><\/p>\n<p><span>Res\u00edduos s\u00f3lidos provenientes de aeronaves ou embarca\u00e7\u00f5es com casos suspeitos ser\u00e3o classificados como res\u00edduos do tipo A, ou seja, potencialmente infectantes. O descarte desses res\u00edduos passar\u00e1 por procedimentos de inativa\u00e7\u00e3o microbiol\u00f3gica antes da destina\u00e7\u00e3o final.<\/span><\/p>\n<p><strong><span>15. Para quais casos \u00e9 recomendado o uso de m\u00e1scaras de prote\u00e7\u00e3o?<\/span><\/strong><\/p>\n<p><span>Os equipamentos de prote\u00e7\u00e3o individual, como m\u00e1scaras, devem ser utilizados por pessoas que apresentam os sintomas\u00a0<span class=\"il\">e<\/span>\u00a0pelos profissionais envolvidos no seu atendimento\u00a0<span class=\"il\">e<\/span>\u00a0na inspe\u00e7\u00e3o dos meios de transporte nos quais eles se encontravam. No n\u00edvel de alerta internacional de n\u00famero 5, a OMS n\u00e3o recomenda o uso de m\u00e1scaras por pessoas saud\u00e1veis.<\/span><\/p>\n<p><strong><span>16. Existe algum controle de identifica\u00e7\u00e3o\u00a0<span class=\"il\">e<\/span>\u00a0rastreamento de passageiros que chegam ao pa\u00eds?<\/span><\/strong><\/p>\n<p><span>Sim. Todo viajante procedente do exterior deve preencher a Declara\u00e7\u00e3o de Bagagem Acompanhada (DBA) \u2013 declara\u00e7\u00e3o da Receita Federal do Brasil onde constam, entre outros, seus dados pessoais. A DBA fica dispon\u00edvel para as autoridades sanit\u00e1rias, caso seja necess\u00e1rio rastrear passageiros que estiveram em determinado v\u00f4o.<\/span><\/p>\n<p><strong><span>\u00a0<\/span><\/strong><\/p>\n<p><strong><span>17. Quais as recomenda\u00e7\u00f5es do Minist\u00e9rio da Sa\u00fade para os viajantes internacionais?<\/span><\/strong><\/p>\n<p><em><span><span>a)<span>\u00a0\u00a0\u00a0\u00a0\u00a0\u00a0<\/span><\/span><\/span><\/em><em><span style=\"text-decoration: underline;\"><span>Aos viajantes que se destinam aos pa\u00edses afetados:<\/span><\/span><\/em><\/p>\n<p><span>\u2022 Em rela\u00e7\u00e3o ao uso de m\u00e1scaras cir\u00fargicas descart\u00e1veis, durante toda a perman\u00eancia nos pa\u00edses afetados, seguir rigorosamente as recomenda\u00e7\u00f5es das autoridades sanit\u00e1rias locais.<\/span><\/p>\n<p><span>\u2022 Ao tossir ou espirrar, cobrir o nariz\u00a0<span class=\"il\">e<\/span>\u00a0a boca com um len\u00e7o, preferencialmente<br \/>\ndescart\u00e1vel.<\/span><\/p>\n<p><span>\u2022 Evitar locais com aglomera\u00e7\u00e3o de pessoas.<\/span><\/p>\n<p><span>\u2022 Evitar o contato direto com pessoas doentes.<\/span><\/p>\n<p><span>\u2022 N\u00e3o compartilhar alimentos, copos, toalhas\u00a0<span class=\"il\">e<\/span>\u00a0objetos de uso pessoal.<br \/>\n\u2022 Evitar tocar olhos, nariz ou boca.<\/span><\/p>\n<p><span>\u2022 Lavar as m\u00e3os freq\u00fcentemente com \u00e1gua\u00a0<span class=\"il\">e<\/span>\u00a0sab\u00e3o, especialmente depois de tossir<br \/>\nou espirrar.<\/span><\/p>\n<p><span>\u2022 Em caso de adoecimento, procurar assist\u00eancia m\u00e9dica\u00a0<span class=\"il\">e<\/span>\u00a0informar hist\u00f3ria de contato<br \/>\ncom doentes\u00a0<span class=\"il\">e<\/span>\u00a0roteiro de viagens recentes a esses pa\u00edses.<\/span><\/p>\n<p><span>\u2022 N\u00e3o usar medicamentos sem orienta\u00e7\u00e3o m\u00e9dica.<\/span><\/p>\n<p><strong><span>\u00a0<\/span><\/strong><\/p>\n<p><strong><span>Aten\u00e7\u00e3o! Todos os viajantes devem ficar atentos tamb\u00e9m \u00e0s medidas preventivas<br \/>\nrecomendadas pelas autoridades nacionais das \u00e1reas afetadas.<\/span><\/strong><\/p>\n<p><span>\u00a0<\/span><\/p>\n<p><em><span><span>b)<span>\u00a0\u00a0\u00a0\u00a0\u00a0\u00a0<\/span><\/span><\/span><\/em><em><span style=\"text-decoration: underline;\"><span>Aos viajantes que est\u00e3o voltando de viagens internacionais:<\/span><\/span><\/em><\/p>\n<p><span>Viajantes procedentes de outros pa\u00edses, independente de ter ou n\u00e3o casos confirmados, que apresentarem alguns dos sintomas da doen\u00e7a at\u00e9 10 dias ap\u00f3s sa\u00edrem dessas \u00e1reas afetadas devem:<\/span><\/p>\n<p><span>\u2022 Procurar assist\u00eancia m\u00e9dica na unidade de sa\u00fade mais pr\u00f3xima.<\/span><\/p>\n<p><span>\u2022 Informar ao profissional de sa\u00fade o seu roteiro de viagem.<\/span><\/p>\n<p><strong><span>\u00a0<\/span><\/strong><\/p>\n<p><strong><span>18. O que a popula\u00e7\u00e3o pode fazer para evitar a influenza?<\/span><\/strong><\/p>\n<p><span>Alguns dos exemplos de cuidados para a preven\u00e7\u00e3o\u00a0<span class=\"il\">e<\/span>\u00a0controle de doen\u00e7as de transmiss\u00e3o respirat\u00f3ria s\u00e3o:<\/span><\/p>\n<p><span>&#8211;\u00a0Lavar as m\u00e3os com \u00e1gua\u00a0<span class=\"il\">e<\/span>\u00a0sab\u00e3o (depois de tossir ou espirrar; depois de usar o banheiro, antes de comer, antes de tocar os olhos, boca\u00a0<span class=\"il\">e<\/span>\u00a0nariz);<\/span><\/p>\n<p><span>&#8211;\u00a0evitar tocar os olhos, nariz ou boca ap\u00f3s contato com superf\u00edcies;<\/span><\/p>\n<p><span>&#8211;\u00a0usar len\u00e7o de papel descart\u00e1vel;<\/span><\/p>\n<p><span>&#8211;\u00a0proteger com len\u00e7os a boca\u00a0<span class=\"il\">e<\/span>\u00a0nariz ao tossir ou espirrar,<\/span><\/p>\n<p><span>&#8211; orientar para que o doente evite sair de casa enquanto estiver em per\u00edodo de transmiss\u00e3o da doen\u00e7a (at\u00e9 5 cinco dias ap\u00f3s o in\u00edcio dos sintomas);<\/span><\/p>\n<p><span>&#8211; evitar aglomera\u00e7\u00f5es\u00a0<span class=\"il\">e<\/span>\u00a0ambientes fechados (deve-se manter os ambientes ventilados);<br \/>\n&#8211;\u00a0\u00e9 importante que o ambiente dom\u00e9stico seja arejado\u00a0<span class=\"il\">e<\/span>\u00a0receba a luz solar, pois estas medidas ajudam a eliminar os poss\u00edveis agentes das infec\u00e7\u00f5es respirat\u00f3rias;<\/span><\/p>\n<p><span>&#8211;\u00a0restri\u00e7\u00e3o do ambiente de trabalho para evitar dissemina\u00e7\u00e3o;<\/span><\/p>\n<p><span>&#8211;\u00a0h\u00e1bitos saud\u00e1veis, como alimenta\u00e7\u00e3o balanceada, ingest\u00e3o de l\u00edquidos\u00a0<span class=\"il\">e<\/span>\u00a0atividade f\u00edsica.<\/span><\/p>\n","protected":false},"excerpt":{"rendered":"<p>1.\u00a0\u00a0\u00a0\u00a0\u00a0\u00a0O que \u00e9 a influenza A (H1N1)? \u00c9 uma doen\u00e7a respirat\u00f3ria aguda (gripe), causada pelo v\u00edrus A (H1N1). Este novo subtipo do v\u00edrus da influenza, assim como a gripe comum, \u00e9 transmitido de pessoa a pessoa principalmente por meio de tosse ou espirro\u00a0e\u00a0de contato com secre\u00e7\u00f5es respirat\u00f3rias de pessoas infectadas. \u00a0 \u00a0 2.\u00a0\u00a0\u00a0\u00a0\u00a0\u00a0\u00a0Quais os sintomas [&hellip;]<\/p>\n","protected":false},"author":2,"featured_media":0,"comment_status":"open","ping_status":"open","sticky":false,"template":"","format":"standard","meta":{"tdm_status":"","tdm_grid_status":"","footnotes":""},"categories":[5],"tags":[],"class_list":{"0":"post-1353","1":"post","2":"type-post","3":"status-publish","4":"format-standard","6":"category-saude-e-vida"},"_links":{"self":[{"href":"https:\/\/migracao.redenoticia.com.br\/noticia\/wp-json\/wp\/v2\/posts\/1353","targetHints":{"allow":["GET"]}}],"collection":[{"href":"https:\/\/migracao.redenoticia.com.br\/noticia\/wp-json\/wp\/v2\/posts"}],"about":[{"href":"https:\/\/migracao.redenoticia.com.br\/noticia\/wp-json\/wp\/v2\/types\/post"}],"author":[{"embeddable":true,"href":"https:\/\/migracao.redenoticia.com.br\/noticia\/wp-json\/wp\/v2\/users\/2"}],"replies":[{"embeddable":true,"href":"https:\/\/migracao.redenoticia.com.br\/noticia\/wp-json\/wp\/v2\/comments?post=1353"}],"version-history":[{"count":0,"href":"https:\/\/migracao.redenoticia.com.br\/noticia\/wp-json\/wp\/v2\/posts\/1353\/revisions"}],"wp:attachment":[{"href":"https:\/\/migracao.redenoticia.com.br\/noticia\/wp-json\/wp\/v2\/media?parent=1353"}],"wp:term":[{"taxonomy":"category","embeddable":true,"href":"https:\/\/migracao.redenoticia.com.br\/noticia\/wp-json\/wp\/v2\/categories?post=1353"},{"taxonomy":"post_tag","embeddable":true,"href":"https:\/\/migracao.redenoticia.com.br\/noticia\/wp-json\/wp\/v2\/tags?post=1353"}],"curies":[{"name":"wp","href":"https:\/\/api.w.org\/{rel}","templated":true}]}}