{"id":135313,"date":"2018-02-20T00:05:11","date_gmt":"2018-02-20T03:05:11","guid":{"rendered":"https:\/\/www.redenoticia.com.br\/noticia\/?p=135313"},"modified":"2018-02-19T15:22:20","modified_gmt":"2018-02-19T18:22:20","slug":"ifusp-realiza-curso-em-ciencia-e-tecnologia-do-vacuo","status":"publish","type":"post","link":"https:\/\/migracao.redenoticia.com.br\/noticia\/2018\/ifusp-realiza-curso-em-ciencia-e-tecnologia-do-vacuo\/135313","title":{"rendered":"IFUSP realiza curso em ci\u00eancia e tecnologia do v\u00e1cuo"},"content":{"rendered":"<p> Ag\u00eancia FAPESP\u00a0\u2013 O Curso de <strong><em>P\u00f3s-Gradua\u00e7\u00e3o em Ci\u00eancia e Tecnologia do V\u00e1cuo<\/em><\/strong>, do Instituto de F\u00edsica da Universidade de S\u00e3o Paulo (IFUSP), est\u00e1 com inscri\u00e7\u00f5es abertas at\u00e9 23 de fevereiro de 2018. Segundo o IFUSP, a tecnologia do v\u00e1cuo \u00e9 ferramenta b\u00e1sica em v\u00e1rias \u00e1reas da F\u00edsica experimental e em v\u00e1rios setores da ind\u00fastria.<\/p>\n<p>O curso, com in\u00edcio em 12 de mar\u00e7o, \u00e9 recomendado aos alunos dos \u00faltimos dois anos do curso que estejam interessados em F\u00edsica experimental ou em obterem uma inicia\u00e7\u00e3o profissional nessa tecnologia.<\/p>\n<p>Na disciplina, ser\u00e3o apresentados os conceitos da teoria cin\u00e9tica dos gases, necess\u00e1rios para o estudo de v\u00e1cuo, assim como conceitos de velocidade de bombeamento, escoamento de gases nos diferentes regimes, bem como c\u00e1lculo e conceito de condut\u00e2ncias para projetos de sistemas de v\u00e1cuo.<\/p>\n<p>As aulas te\u00f3ricas ser\u00e3o complementadas por meio da realiza\u00e7\u00e3o de experimentos espec\u00edficos, essenciais para a intera\u00e7\u00e3o dos alunos com sistemas de v\u00e1cuo, bem como para o aprendizado de tomada de atitudes durante o processo de escoamento de gases nos diferentes regimes.<\/p>\n<p>As atividades pr\u00e1ticas ser\u00e3o divididas em tr\u00eas ciclos de experimentos. No primeiro ciclo ser\u00e3o estudados medidores de press\u00e3o pr\u00e9-v\u00e1cuo e alto v\u00e1cuo. No segundo ciclo ser\u00e3o feitas medi\u00e7\u00f5es de velocidade de bombeamento e condut\u00e2ncias de tubos. No terceiro ciclo de experimentos ser\u00e1 estudada a detec\u00e7\u00e3o de vazamentos reais e virtuais, com o aux\u00edlio de detectores de vazamentos, e apresentadas t\u00e9cnicas de produ\u00e7\u00e3o de filmes finos.<\/p>\n<p>Ser\u00e3o oferecidas 20 vagas para alunos regulares e cinco vagas para alunos especiais. A disciplina consta de duas aulas te\u00f3ricas semanais e uma atividade experimental de quatro horas a cada 15 dias.<\/p>\n<p>Os interessados em se inscrever devem seguir as orienta\u00e7\u00f5es do\u00a0. O endere\u00e7o do instituto \u00e9 rua do Mat\u00e3o, 1.371, Cidade Universit\u00e1ria, S\u00e3o Paulo.<\/p>\n<p>Mais informa\u00e7\u00f5es:\u00a0medina@if.usp.br\u00a0ou pelo telefone (11) 3091-6901.<\/p>\n","protected":false},"excerpt":{"rendered":"<p>Ag\u00eancia FAPESP\u00a0\u2013 O Curso de P\u00f3s-Gradua\u00e7\u00e3o em Ci\u00eancia e Tecnologia do V\u00e1cuo, do Instituto de F\u00edsica da Universidade de S\u00e3o Paulo (IFUSP), est\u00e1 com inscri\u00e7\u00f5es abertas at\u00e9 23 de fevereiro de 2018. Segundo o IFUSP, a tecnologia do v\u00e1cuo \u00e9 ferramenta b\u00e1sica em v\u00e1rias \u00e1reas da F\u00edsica experimental e em v\u00e1rios setores da ind\u00fastria. O [&hellip;]<\/p>\n","protected":false},"author":2,"featured_media":28951,"comment_status":"open","ping_status":"closed","sticky":false,"template":"","format":"standard","meta":{"tdm_status":"","tdm_grid_status":"","footnotes":""},"categories":[22,351,370],"tags":[],"class_list":{"0":"post-135313","1":"post","2":"type-post","3":"status-publish","4":"format-standard","5":"has-post-thumbnail","7":"category-brasil","8":"category-cursos","9":"category-inscricao"},"_links":{"self":[{"href":"https:\/\/migracao.redenoticia.com.br\/noticia\/wp-json\/wp\/v2\/posts\/135313","targetHints":{"allow":["GET"]}}],"collection":[{"href":"https:\/\/migracao.redenoticia.com.br\/noticia\/wp-json\/wp\/v2\/posts"}],"about":[{"href":"https:\/\/migracao.redenoticia.com.br\/noticia\/wp-json\/wp\/v2\/types\/post"}],"author":[{"embeddable":true,"href":"https:\/\/migracao.redenoticia.com.br\/noticia\/wp-json\/wp\/v2\/users\/2"}],"replies":[{"embeddable":true,"href":"https:\/\/migracao.redenoticia.com.br\/noticia\/wp-json\/wp\/v2\/comments?post=135313"}],"version-history":[{"count":0,"href":"https:\/\/migracao.redenoticia.com.br\/noticia\/wp-json\/wp\/v2\/posts\/135313\/revisions"}],"wp:featuredmedia":[{"embeddable":true,"href":"https:\/\/migracao.redenoticia.com.br\/noticia\/wp-json\/wp\/v2\/media\/28951"}],"wp:attachment":[{"href":"https:\/\/migracao.redenoticia.com.br\/noticia\/wp-json\/wp\/v2\/media?parent=135313"}],"wp:term":[{"taxonomy":"category","embeddable":true,"href":"https:\/\/migracao.redenoticia.com.br\/noticia\/wp-json\/wp\/v2\/categories?post=135313"},{"taxonomy":"post_tag","embeddable":true,"href":"https:\/\/migracao.redenoticia.com.br\/noticia\/wp-json\/wp\/v2\/tags?post=135313"}],"curies":[{"name":"wp","href":"https:\/\/api.w.org\/{rel}","templated":true}]}}