{"id":135315,"date":"2018-02-20T00:07:04","date_gmt":"2018-02-20T03:07:04","guid":{"rendered":"https:\/\/www.redenoticia.com.br\/noticia\/?p=135315"},"modified":"2018-02-19T15:22:42","modified_gmt":"2018-02-19T18:22:42","slug":"bahia-comeca-hoje-vacinacao-fracionada-contra-febre-amarela","status":"publish","type":"post","link":"https:\/\/migracao.redenoticia.com.br\/noticia\/2018\/bahia-comeca-hoje-vacinacao-fracionada-contra-febre-amarela\/135315","title":{"rendered":"Bahia come\u00e7a hoje vacina\u00e7\u00e3o fracionada contra febre amarela"},"content":{"rendered":"<p> A Secretaria de Sa\u00fade da Bahia iniciou a vacina\u00e7\u00e3o fracionada contra a <strong><em>febre amarela<\/em><\/strong>. A meta \u00e9 imunizar at\u00e9 o dia 9 de mar\u00e7o pelo menos 95% da popula\u00e7\u00e3o de oito munic\u00edpios: Cama\u00e7ari, Candeias, Itaparica, Lauro de Freitas, Mata de S\u00e3o Jo\u00e3o, Salvador, S\u00e3o Francisco do Conde e Vera Cruz.<\/p>\n<p>A vacina\u00e7\u00e3o \u00e9 destinada a pessoas a partir dos 2 anos de idade, inclusive ind\u00edgenas, desde que n\u00e3o apresentem condi\u00e7\u00f5es cl\u00ednicas especiais. A orienta\u00e7\u00e3o do Minist\u00e9rio da Sa\u00fade \u00e9 quem j\u00e1 tomou a vacina ao longo da vida n\u00e3o precisa receber uma nova dose.<\/p>\n<p>\u201cA inten\u00e7\u00e3o \u00e9 proteger o maior n\u00famero de pessoas contra a febre amarela, em localidades com grande contingente populacional e que t\u00eam evid\u00eancia de circula\u00e7\u00e3o do v\u00edrus e risco elevado de transmiss\u00e3o da doen\u00e7a\u201d, informou a secretaria.<\/p>\n<p>Dose padr\u00e3o<\/p>\n<p>Ainda segundo \u00f3rg\u00e3o, durante a campanha, a dose padr\u00e3o ser\u00e1 disponibilizada apenas para crian\u00e7as de 9 meses a menores de 2 anos de idade; gestantes com indica\u00e7\u00e3o escrita do m\u00e9dico; viajante internacional que necessite da emiss\u00e3o do certificado internacional de vacina\u00e7\u00e3o; e pessoas que apresentarem condi\u00e7\u00f5es cl\u00ednicas especiais avaliadas pelo servi\u00e7o de sa\u00fade.<\/p>\n<p>Casos<\/p>\n<p>Dados da secretaria indicam que, no ano 2000, foram confirmados dez casos de febre amarela silvestre na Bahia \u2013 todos em pessoas residentes nos munic\u00edpios de Coribe e Jaborandi. Deste total, tr\u00eas morreram.<\/p>\n<p>\u201cEstes foram os \u00faltimos casos aut\u00f3ctones (quando a infec\u00e7\u00e3o acontece no pr\u00f3prio local de resid\u00eancia) registrados no estado. Em 2018, houve a confirma\u00e7\u00e3o de um caso importado de febre amarela.\u201d, concluiu o \u00f3rg\u00e3o.<\/p>\n<p>Paula Laboissi\u00e8re \u2013 Rep\u00f3rter da Ag\u00eancia Brasil<br \/>\nEdi\u00e7\u00e3o: Maria Claudia<br \/>\n20\/02\/2018<\/p>\n","protected":false},"excerpt":{"rendered":"<p>A Secretaria de Sa\u00fade da Bahia iniciou a vacina\u00e7\u00e3o fracionada contra a febre amarela. A meta \u00e9 imunizar at\u00e9 o dia 9 de mar\u00e7o pelo menos 95% da popula\u00e7\u00e3o de oito munic\u00edpios: Cama\u00e7ari, Candeias, Itaparica, Lauro de Freitas, Mata de S\u00e3o Jo\u00e3o, Salvador, S\u00e3o Francisco do Conde e Vera Cruz. A vacina\u00e7\u00e3o \u00e9 destinada a [&hellip;]<\/p>\n","protected":false},"author":2,"featured_media":34747,"comment_status":"open","ping_status":"closed","sticky":false,"template":"","format":"standard","meta":{"tdm_status":"","tdm_grid_status":"","footnotes":""},"categories":[22,5],"tags":[],"class_list":{"0":"post-135315","1":"post","2":"type-post","3":"status-publish","4":"format-standard","5":"has-post-thumbnail","7":"category-brasil","8":"category-saude-e-vida"},"_links":{"self":[{"href":"https:\/\/migracao.redenoticia.com.br\/noticia\/wp-json\/wp\/v2\/posts\/135315","targetHints":{"allow":["GET"]}}],"collection":[{"href":"https:\/\/migracao.redenoticia.com.br\/noticia\/wp-json\/wp\/v2\/posts"}],"about":[{"href":"https:\/\/migracao.redenoticia.com.br\/noticia\/wp-json\/wp\/v2\/types\/post"}],"author":[{"embeddable":true,"href":"https:\/\/migracao.redenoticia.com.br\/noticia\/wp-json\/wp\/v2\/users\/2"}],"replies":[{"embeddable":true,"href":"https:\/\/migracao.redenoticia.com.br\/noticia\/wp-json\/wp\/v2\/comments?post=135315"}],"version-history":[{"count":0,"href":"https:\/\/migracao.redenoticia.com.br\/noticia\/wp-json\/wp\/v2\/posts\/135315\/revisions"}],"wp:featuredmedia":[{"embeddable":true,"href":"https:\/\/migracao.redenoticia.com.br\/noticia\/wp-json\/wp\/v2\/media\/34747"}],"wp:attachment":[{"href":"https:\/\/migracao.redenoticia.com.br\/noticia\/wp-json\/wp\/v2\/media?parent=135315"}],"wp:term":[{"taxonomy":"category","embeddable":true,"href":"https:\/\/migracao.redenoticia.com.br\/noticia\/wp-json\/wp\/v2\/categories?post=135315"},{"taxonomy":"post_tag","embeddable":true,"href":"https:\/\/migracao.redenoticia.com.br\/noticia\/wp-json\/wp\/v2\/tags?post=135315"}],"curies":[{"name":"wp","href":"https:\/\/api.w.org\/{rel}","templated":true}]}}