{"id":135423,"date":"2018-02-20T16:19:41","date_gmt":"2018-02-20T19:19:41","guid":{"rendered":"https:\/\/www.redenoticia.com.br\/noticia\/?p=135423"},"modified":"2018-02-20T18:08:11","modified_gmt":"2018-02-20T21:08:11","slug":"resumo-novela-chiquititas-21-02-mosca-e-desafiado-a-brigar","status":"publish","type":"post","link":"https:\/\/migracao.redenoticia.com.br\/noticia\/2018\/resumo-novela-chiquititas-21-02-mosca-e-desafiado-a-brigar\/135423","title":{"rendered":"Resumo novela \u201cChiquititas\u201d 21\/02: Mosca \u00e9 desafiado a brigar"},"content":{"rendered":"<p><img loading=\"lazy\" decoding=\"async\" class=\"alignleft size-thumbnail wp-image-49690\" src=\"https:\/\/migracao.redenoticia.com.br\/noticia\/imagens\/chiquititas1-150x112.jpg\" alt=\"chiquititas\" width=\"150\" height=\"112\" \/><strong><em>Resumo novela \u201cChiquititas\u201d 21\/02<\/em><\/strong>: no cap\u00edtulo 377(*) da novela \u201cChiquititas\u201d, resumo de quarta-feira, 21 de fevereiro, os meninos insistem para o Samuca ir \u00e0 festa com eles. Samuca aceita, mas vai com uma m\u00e1scara que tampa todo seu rosto, para n\u00e3o ser reconhecido. No Orfanato, Junior se lembra de seu encontro com Andreia. Ele conta para Carol que recebeu a visita de uma ex-namorada. Ela entende a situa\u00e7\u00e3o. Shirley pergunta para C\u00edcero por que ele nunca a contou que havia sido preso. Ele diz que ia contar quando se sentisse mais seguro, pois ele tem vergonha do passado. Shirley, desconfiada, pede um tempo na rela\u00e7\u00e3o. No Orfanato, todas as crian\u00e7as est\u00e3o prontas para a festa a fantasia. Eles chegam \u00e0 festa e todos os convidados come\u00e7am a rir, pois a festa n\u00e3o era a fantasia. Tudo n\u00e3o passou de uma arma\u00e7\u00e3o dos vizinhos. <\/p>\n<p>Rafa, Mili, Mosca e Thiago v\u00e3o tirar satisfa\u00e7\u00f5es com os vizinhos. As crian\u00e7as decidem permanecer na festa e se divertirem. Beto conta para Carol sobre a visita de Andreia no Caf\u00e9 Boutique. Carol diz que j\u00e1 sabia que ela \u00e9 uma ex-namorada de Junior. Beto fala para Carol ficar de olhos abertos, pois a mulher \u00e9 muito bonita e com certeza est\u00e1 atr\u00e1s do Junior. Carol fica pensativa. Marian dan\u00e7a com Duda e pede para ele buscar um refrigerante, assim que ele sai Marian puxa Mosca para dan\u00e7ar. No bar, Duda v\u00ea de longe Marian e Mosca e observa Pata sozinha no canto. Ele vai conversar com Pata, que afirma que Marian est\u00e1 brincando com os sentimentos dele e de Mosca. Marian vem atr\u00e1s de Duda para pegar o refrigerante. <\/p>\n<p>Pata pega o copo e joga o refrigerante no rosto de Marian. A menina sai furiosa e vai ao banheiro se limpar. Ela jura que vai se vingar e Bia ouve tudo e diz que se Marian fizer algo com Pata \u00e9 melhor ela sumir do Orfanato. Mosca tira Mili para dan\u00e7ar. Samuca foge a festa inteira dos meninos da escola que ficam fazendo bullying com ele. Mosca tira satisfa\u00e7\u00f5es com os meninos. Eduarda faz as malas para ir embora, mas Tobias e Maria Cec\u00edlia pedem para que fique. Ela concorda. Gabriela pergunta para Sim\u00e3o se Miguel o procurou, pois ela est\u00e1 muito preocupada com o sumi\u00e7o dele. Sim\u00e3o diz n\u00e3o ter not\u00edcias de Miguel. Gabriela pede para que ele a leve na fazenda. Na escola, Mosca \u00e9 desafiado a brigar pelos meninos que perseguem Samuca.<\/p>\n<p>(*) edi\u00e7\u00e3o do SBT, Novela \u201cChiquititas\u201d, sujeito a altera\u00e7\u00e3o de data e conte\u00fado.<\/p>\n<p>Chiquititas gira em torno do orfanato Raio de Luz, que carrega em sua hist\u00f3ria um grande segredo envolvendo a fam\u00edlia e o dono do orfanato, Dr. Jos\u00e9 Ricardo Almeida Campos. Em um per\u00edodo anterior \u00e0 novela, exatos treze anos, sua filha Gabriela se apaixonou e ficou gr\u00e1vida de Miguel, filho de Valentina, empregada da casa dos Almeida Campos. Pouco depois, Jos\u00e9 Ricardo sequestrou sua neta, pois, como um homem conservador, ele n\u00e3o aceitava a ideia de que sua filha se envolvesse com um empregado. Como sua neta, Milena, apelidada como Mili, precisava de um lugar para morar, ele comprou um casar\u00e3o e fundou um orfanato, o Raio de Luz. Mili cresceu l\u00e1 com outras garotas que chegaram posteriormente: Bia, Ana, as irm\u00e3s Tati e Vivi, e Cris. Ao decorrer dos anos, elas se tornam uma fam\u00edlia. Elas s\u00e3o supervisionadas por Ernestina, zeladora do orfanato, e Chico, o cozinheiro amado pelas internas. Sofia, ex-governanta da fam\u00edlia Almeida Campos, \u00e9 a diretora do lugar, at\u00e9 que Carmem, irm\u00e3 de Jos\u00e9 Ricardo, entre em seu lugar. Chegam ainda mais \u00f3rf\u00e3os: Pata, Mosca, Binho e Rafa, que viviam nas ruas antes de entrarem na institui\u00e7\u00e3o. Pata e Mili tornam-se amigas rapidamente, enquanto Mosca, Binho e Rafa s\u00e3o os primeiros garotos a entrar no abrigo. As crian\u00e7as sem-teto foram ajudadas por uma doce e bela garota que tocam e mudam a vida delas, assim como as das garotas \u00f3rf\u00e3s.<\/p>\n","protected":false},"excerpt":{"rendered":"<p>Resumo novela \u201cChiquititas\u201d 21\/02: no cap\u00edtulo 377(*) da novela \u201cChiquititas\u201d, resumo de quarta-feira, 21 de fevereiro, os meninos insistem para o Samuca ir \u00e0 festa com eles. Samuca aceita, mas vai com uma m\u00e1scara que tampa todo seu rosto, para n\u00e3o ser reconhecido. No Orfanato, Junior se lembra de seu encontro com Andreia. Ele conta [&hellip;]<\/p>\n","protected":false},"author":4,"featured_media":49690,"comment_status":"open","ping_status":"closed","sticky":false,"template":"","format":"standard","meta":{"tdm_status":"","tdm_grid_status":"","footnotes":""},"categories":[409,379,372,343],"tags":[441],"class_list":{"0":"post-135423","1":"post","2":"type-post","3":"status-publish","4":"format-standard","5":"has-post-thumbnail","7":"category-chiquititas","8":"category-novelas","9":"category-sbt","10":"category-televisao","11":"tag-resumo-do-dia"},"_links":{"self":[{"href":"https:\/\/migracao.redenoticia.com.br\/noticia\/wp-json\/wp\/v2\/posts\/135423","targetHints":{"allow":["GET"]}}],"collection":[{"href":"https:\/\/migracao.redenoticia.com.br\/noticia\/wp-json\/wp\/v2\/posts"}],"about":[{"href":"https:\/\/migracao.redenoticia.com.br\/noticia\/wp-json\/wp\/v2\/types\/post"}],"author":[{"embeddable":true,"href":"https:\/\/migracao.redenoticia.com.br\/noticia\/wp-json\/wp\/v2\/users\/4"}],"replies":[{"embeddable":true,"href":"https:\/\/migracao.redenoticia.com.br\/noticia\/wp-json\/wp\/v2\/comments?post=135423"}],"version-history":[{"count":0,"href":"https:\/\/migracao.redenoticia.com.br\/noticia\/wp-json\/wp\/v2\/posts\/135423\/revisions"}],"wp:featuredmedia":[{"embeddable":true,"href":"https:\/\/migracao.redenoticia.com.br\/noticia\/wp-json\/wp\/v2\/media\/49690"}],"wp:attachment":[{"href":"https:\/\/migracao.redenoticia.com.br\/noticia\/wp-json\/wp\/v2\/media?parent=135423"}],"wp:term":[{"taxonomy":"category","embeddable":true,"href":"https:\/\/migracao.redenoticia.com.br\/noticia\/wp-json\/wp\/v2\/categories?post=135423"},{"taxonomy":"post_tag","embeddable":true,"href":"https:\/\/migracao.redenoticia.com.br\/noticia\/wp-json\/wp\/v2\/tags?post=135423"}],"curies":[{"name":"wp","href":"https:\/\/api.w.org\/{rel}","templated":true}]}}