{"id":135465,"date":"2018-02-21T00:05:20","date_gmt":"2018-02-21T03:05:20","guid":{"rendered":"https:\/\/www.redenoticia.com.br\/noticia\/?p=135465"},"modified":"2018-02-20T21:58:50","modified_gmt":"2018-02-21T00:58:50","slug":"pos-doutorado-em-micologia-na-usp-com-bolsa-da-fapesp","status":"publish","type":"post","link":"https:\/\/migracao.redenoticia.com.br\/noticia\/2018\/pos-doutorado-em-micologia-na-usp-com-bolsa-da-fapesp\/135465","title":{"rendered":"P\u00f3s-doutorado em Micologia na USP com Bolsa da FAPESP"},"content":{"rendered":"<p> Ag\u00eancia FAPESP\u00a0\u2013 O Projeto Tem\u00e1tico\u00a0, conduzido no Laborat\u00f3rio de Micologia da Faculdade de Ci\u00eancias Farmac\u00eauticas da USP, oferece duas <strong><em>vagas de p\u00f3s-doutoramento<\/em><\/strong> com Bolsa da FAPESP. O prazo de inscri\u00e7\u00e3o termina em 15 de mar\u00e7o de 2018.<\/p>\n<p>A primeira vaga tem como objetivo estudar os resultados da intera\u00e7\u00e3o entre macr\u00f3fagos, con\u00eddeos de\u00a0F. pedrosoi\u00a0e leveduras de\u00a0S. brasiliensis, com enfoque na resposta inflamat\u00f3ria e sua influ\u00eancia na resposta imune adaptativa.<\/p>\n<p>Para a segunda vaga, o bolsista determinar\u00e1 os mecanismos inatos e adaptativos no reconhecimento do\u00a0Sporothrix brasiliensis\u00a0por macr\u00f3fagos e c\u00e9lulas dendr\u00edticas com enfoque nos receptores de reconhecimento padr\u00e3o e na identifica\u00e7\u00e3o de vias de sinaliza\u00e7\u00e3o e ativa\u00e7\u00e3o de linf\u00f3citos T.<\/p>\n<p>Os interessados devem ter t\u00edtulo de doutor e comprovar experi\u00eancia cient\u00edfica no tema proposto e dom\u00ednio nas metodologias empregadas, como cultura de c\u00e9lulas, ELISA,\u00a0Western Blotting, citometria de fluxo e cultura de fungos.<\/p>\n<p>Para se inscrever, os candidatos dever\u00e3o enviar curriculum vitae por e-mail para o professor coordenador do projeto,\u00a0\u00a0(sandroal@usp.br).<\/p>\n<p>Mais informa\u00e7\u00f5es sobre as vagas est\u00e3o dispon\u00edveis em\u00a0.<\/p>\n<p>As vagas est\u00e3o abertas a brasileiros e estrangeiros. Os selecionados receber\u00e3o Bolsa de P\u00f3s-Doutorado da FAPESP no valor de R$ 7.174,80 mensais e Reserva T\u00e9cnica. A Reserva T\u00e9cnica de Bolsa de PD equivale a 15% do valor anual da bolsa e tem o objetivo de atender a despesas imprevistas e diretamente relacionadas \u00e0 atividade de pesquisa.<\/p>\n<p>Caso o bolsista de PD resida em domic\u00edlio diferente e precise se mudar para a cidade onde se localiza a institui\u00e7\u00e3o-sede da pesquisa, poder\u00e1 ter direito a um Aux\u00edlio-Instala\u00e7\u00e3o. Mais informa\u00e7\u00f5es sobre a Bolsa de P\u00f3s-Doutorado da FAPESP est\u00e3o dispon\u00edveis em\u00a0.<\/p>\n<p>Outras vagas de bolsas, em diversas \u00e1reas do conhecimento, est\u00e3o no site FAPESP-Oportunidades, em\u00a0.<\/p>\n","protected":false},"excerpt":{"rendered":"<p>Ag\u00eancia FAPESP\u00a0\u2013 O Projeto Tem\u00e1tico\u00a0, conduzido no Laborat\u00f3rio de Micologia da Faculdade de Ci\u00eancias Farmac\u00eauticas da USP, oferece duas vagas de p\u00f3s-doutoramento com Bolsa da FAPESP. O prazo de inscri\u00e7\u00e3o termina em 15 de mar\u00e7o de 2018. A primeira vaga tem como objetivo estudar os resultados da intera\u00e7\u00e3o entre macr\u00f3fagos, con\u00eddeos de\u00a0F. pedrosoi\u00a0e leveduras de\u00a0S. [&hellip;]<\/p>\n","protected":false},"author":2,"featured_media":37419,"comment_status":"open","ping_status":"closed","sticky":false,"template":"","format":"standard","meta":{"tdm_status":"","tdm_grid_status":"","footnotes":""},"categories":[22,370,353],"tags":[],"class_list":{"0":"post-135465","1":"post","2":"type-post","3":"status-publish","4":"format-standard","5":"has-post-thumbnail","7":"category-brasil","8":"category-inscricao","9":"category-oportunidades"},"_links":{"self":[{"href":"https:\/\/migracao.redenoticia.com.br\/noticia\/wp-json\/wp\/v2\/posts\/135465","targetHints":{"allow":["GET"]}}],"collection":[{"href":"https:\/\/migracao.redenoticia.com.br\/noticia\/wp-json\/wp\/v2\/posts"}],"about":[{"href":"https:\/\/migracao.redenoticia.com.br\/noticia\/wp-json\/wp\/v2\/types\/post"}],"author":[{"embeddable":true,"href":"https:\/\/migracao.redenoticia.com.br\/noticia\/wp-json\/wp\/v2\/users\/2"}],"replies":[{"embeddable":true,"href":"https:\/\/migracao.redenoticia.com.br\/noticia\/wp-json\/wp\/v2\/comments?post=135465"}],"version-history":[{"count":0,"href":"https:\/\/migracao.redenoticia.com.br\/noticia\/wp-json\/wp\/v2\/posts\/135465\/revisions"}],"wp:featuredmedia":[{"embeddable":true,"href":"https:\/\/migracao.redenoticia.com.br\/noticia\/wp-json\/wp\/v2\/media\/37419"}],"wp:attachment":[{"href":"https:\/\/migracao.redenoticia.com.br\/noticia\/wp-json\/wp\/v2\/media?parent=135465"}],"wp:term":[{"taxonomy":"category","embeddable":true,"href":"https:\/\/migracao.redenoticia.com.br\/noticia\/wp-json\/wp\/v2\/categories?post=135465"},{"taxonomy":"post_tag","embeddable":true,"href":"https:\/\/migracao.redenoticia.com.br\/noticia\/wp-json\/wp\/v2\/tags?post=135465"}],"curies":[{"name":"wp","href":"https:\/\/api.w.org\/{rel}","templated":true}]}}