{"id":135467,"date":"2018-02-21T00:07:24","date_gmt":"2018-02-21T03:07:24","guid":{"rendered":"https:\/\/www.redenoticia.com.br\/noticia\/?p=135467"},"modified":"2018-02-20T21:58:58","modified_gmt":"2018-02-21T00:58:58","slug":"prorrogada-campanha-de-vacinacao-contra-febre-amarela-em-sp","status":"publish","type":"post","link":"https:\/\/migracao.redenoticia.com.br\/noticia\/2018\/prorrogada-campanha-de-vacinacao-contra-febre-amarela-em-sp\/135467","title":{"rendered":"Prorrogada campanha de vacina\u00e7\u00e3o contra febre amarela em SP"},"content":{"rendered":"<p> A Secretaria de Estado da Sa\u00fade de S\u00e3o Paulo decidiu prorrogar at\u00e9 o dia 2 de mar\u00e7o a campanha de\u00a0<strong><em>vacina\u00e7\u00e3o contra febre amarela<\/em><\/strong>, com a finalidade de ampliar a cobertura vacinal. Cerca de 5,8 milh\u00f5es de pessoas ainda dever\u00e3o comparecer aos postos\u00a0nas pr\u00f3ximas duas semanas. A campanha come\u00e7ou em 25 de janeiro e visa imunizar 9,2 milh\u00f5es de pessoas ainda n\u00e3o vacinadas, em 54 cidades. Segundo balan\u00e7o preliminar do \u00faltimo s\u00e1bado (17), o segundo \u2018Dia D\u2019 da campanha, feito pela pasta com base nos dados informados pelos munic\u00edpios, 3.423.748 pessoas foram vacinadas desde o dia 25.<\/p>\n<p>Desse total, 3.287.621 paulistas receberam a dose fracionada, que representa 96% do p\u00fablico imunizado. Outras 136.127 pessoas receberam a dose padr\u00e3o, destinada a grupos espec\u00edficos (mais informa\u00e7\u00f5es abaixo).<\/p>\n<p>Os 53 munic\u00edpios e distritos da cidade de S\u00e3o Paulo foram definidos por crit\u00e9rios epidemiol\u00f3gicos ap\u00f3s an\u00e1lises t\u00e9cnicas e de campo feitas pelo CVE (Centro de Vigil\u00e2ncia Epidemiol\u00f3gica\/Divis\u00e3o de Zoonoses) e Sucen (Superintend\u00eancia de Controle de Endemias) em locais de concentra\u00e7\u00e3o de mata.<\/p>\n<p>A regi\u00e3o com menor cobertura vacinal ainda \u00e9 a Baixada Santista, com 23,1%. No Vale e Litoral, a cobertura \u00e9 de 33,1%. O Grande ABC tem 36% e a capital atingiu 46,2%, imunizando mais de 1,5 milh\u00f5es dos 3,3 milh\u00f5es de moradores dos distritos definidos na campanha.<\/p>\n<p>\u201cDecidimos prorrogar a campanha para garantir que todas as pessoas que precisam sejam vacinadas contra a febre amarela. A imuniza\u00e7\u00e3o \u00e9 a principal forma de proteger a popula\u00e7\u00e3o contra a doen\u00e7a\u201d, afirma a diretora de Imuniza\u00e7\u00e3o da Secretaria, Helena Sato.<\/p>\n<p>A campanha est\u00e1 sendo realizada com dose fracionada da vacina,\u00a0conforme diretriz do Minist\u00e9rio da Sa\u00fade. O frasco convencionalmente utilizado na rede p\u00fablica poder\u00e1 ser subdividido em at\u00e9 cinco partes, sendo aplicado assim 0,1 mL da vacina.<\/p>\n<p>Estudos evidenciam que a vacina fracionada tem efic\u00e1cia comprovada de pelo menos oito anos. Estudos em andamento continuar\u00e3o a avaliar a prote\u00e7\u00e3o posterior a esse per\u00edodo.\u00a0As carteiras de vacina\u00e7\u00e3o ter\u00e3o um selo especial para informar que a dose aplicada foi a fracionada.<\/p>\n<p>Cerca de 6,9 milh\u00f5es de doses da vacina fracionada ser\u00e3o disponibilizadas para as pessoas ainda n\u00e3o imunizadas que residem nos locais definidos pela campanha. A a\u00e7\u00e3o tamb\u00e9m prev\u00ea a oferta de 2,3 milh\u00f5es de doses padr\u00e3o, que ser\u00e3o disponibilizadas para crian\u00e7as com idade entre nove meses e dois anos incompletos, pessoas que viajar\u00e3o para pa\u00edses com exig\u00eancia da vacina e gr\u00e1vidas residentes em \u00e1reas de risco.<\/p>\n<p>Dever\u00e3o consultar o m\u00e9dico sobre a necessidade da vacina os portadores de HIV positivo, pacientes com tratamento quimioter\u00e1pico conclu\u00eddo, transplantados, hemof\u00edlicos ou pessoas com doen\u00e7as do sangue e de doen\u00e7a falciforme.<\/p>\n<p>N\u00e3o h\u00e1 indica\u00e7\u00e3o de imuniza\u00e7\u00e3o para gr\u00e1vidas que morem em locais sem recomenda\u00e7\u00e3o para vacina, mulheres amamentando crian\u00e7as com at\u00e9 6 meses e imunodeprimidos, como pacientes em tratamento quimioter\u00e1pico, radioter\u00e1pico ou com corticoides em doses elevadas (como por exemplo L\u00fapus e Artrite Reumatoide). Em caso de d\u00favida, \u00e9 fundamental consultar o m\u00e9dico.<\/p>\n<p>Desde o in\u00edcio de 2016 a Secretaria intensificou as a\u00e7\u00f5es de enfrentamento da febre amarela no Estado, por meio de monitoramento dos corredores ecol\u00f3gicos, vigil\u00e2ncia epidemiol\u00f3gica e vacina\u00e7\u00e3o.<\/p>\n<p>Somente em 2017 foram imunizadas no Estado 7 milh\u00f5es de pessoas, o que representa praticamente o dobro do n\u00famero de doses aplicadas nos dez anos anteriores. As \u00e1reas com indica\u00e7\u00e3o da vacina foram gradativamente ampliadas, a partir do monitoramento dos corredores ecol\u00f3gicos, abrangendo atualmente 575 dos 645 munic\u00edpios paulistas.<\/p>\n<p>Do Portal do Governo SP<\/p>\n","protected":false},"excerpt":{"rendered":"<p>A Secretaria de Estado da Sa\u00fade de S\u00e3o Paulo decidiu prorrogar at\u00e9 o dia 2 de mar\u00e7o a campanha de\u00a0vacina\u00e7\u00e3o contra febre amarela, com a finalidade de ampliar a cobertura vacinal. Cerca de 5,8 milh\u00f5es de pessoas ainda dever\u00e3o comparecer aos postos\u00a0nas pr\u00f3ximas duas semanas. A campanha come\u00e7ou em 25 de janeiro e visa imunizar [&hellip;]<\/p>\n","protected":false},"author":2,"featured_media":34747,"comment_status":"open","ping_status":"closed","sticky":false,"template":"","format":"standard","meta":{"tdm_status":"","tdm_grid_status":"","footnotes":""},"categories":[22,5],"tags":[],"class_list":{"0":"post-135467","1":"post","2":"type-post","3":"status-publish","4":"format-standard","5":"has-post-thumbnail","7":"category-brasil","8":"category-saude-e-vida"},"_links":{"self":[{"href":"https:\/\/migracao.redenoticia.com.br\/noticia\/wp-json\/wp\/v2\/posts\/135467","targetHints":{"allow":["GET"]}}],"collection":[{"href":"https:\/\/migracao.redenoticia.com.br\/noticia\/wp-json\/wp\/v2\/posts"}],"about":[{"href":"https:\/\/migracao.redenoticia.com.br\/noticia\/wp-json\/wp\/v2\/types\/post"}],"author":[{"embeddable":true,"href":"https:\/\/migracao.redenoticia.com.br\/noticia\/wp-json\/wp\/v2\/users\/2"}],"replies":[{"embeddable":true,"href":"https:\/\/migracao.redenoticia.com.br\/noticia\/wp-json\/wp\/v2\/comments?post=135467"}],"version-history":[{"count":0,"href":"https:\/\/migracao.redenoticia.com.br\/noticia\/wp-json\/wp\/v2\/posts\/135467\/revisions"}],"wp:featuredmedia":[{"embeddable":true,"href":"https:\/\/migracao.redenoticia.com.br\/noticia\/wp-json\/wp\/v2\/media\/34747"}],"wp:attachment":[{"href":"https:\/\/migracao.redenoticia.com.br\/noticia\/wp-json\/wp\/v2\/media?parent=135467"}],"wp:term":[{"taxonomy":"category","embeddable":true,"href":"https:\/\/migracao.redenoticia.com.br\/noticia\/wp-json\/wp\/v2\/categories?post=135467"},{"taxonomy":"post_tag","embeddable":true,"href":"https:\/\/migracao.redenoticia.com.br\/noticia\/wp-json\/wp\/v2\/tags?post=135467"}],"curies":[{"name":"wp","href":"https:\/\/api.w.org\/{rel}","templated":true}]}}