{"id":135535,"date":"2018-02-21T18:35:48","date_gmt":"2018-02-21T21:35:48","guid":{"rendered":"https:\/\/www.redenoticia.com.br\/noticia\/?p=135535"},"modified":"2018-02-21T18:47:41","modified_gmt":"2018-02-21T21:47:41","slug":"resumo-novela-chiquititas-22-02-gabriela-e-simao-chegam-a-fazenda-e-chamam-por-miguel","status":"publish","type":"post","link":"https:\/\/migracao.redenoticia.com.br\/noticia\/2018\/resumo-novela-chiquititas-22-02-gabriela-e-simao-chegam-a-fazenda-e-chamam-por-miguel\/135535","title":{"rendered":"Resumo novela \u201cChiquititas\u201d 22\/02: Gabriela e Sim\u00e3o chegam na fazenda"},"content":{"rendered":"<p><img loading=\"lazy\" decoding=\"async\" class=\"alignleft size-thumbnail wp-image-49690\" src=\"https:\/\/migracao.redenoticia.com.br\/noticia\/imagens\/chiquititas1-150x112.jpg\" alt=\"chiquititas\" width=\"150\" height=\"112\" \/><strong><em>Resumo novela \u201cChiquititas\u201d 22\/02<\/em><\/strong>: no cap\u00edtulo 378(*) da novela \u201cChiquititas\u201d, resumo de quinta-feira, 22 de fevereiro, Andreia liga para Junior, Carmen atende e a convida para ir at\u00e9 l\u00e1. Carmen conversa com Andreia, que revela nunca ter esquecido completamente Junior. Andreia diz que veio ao Brasil para se tratar, porque est\u00e1 com suspeita de uma grave doen\u00e7a. Mili fala com Mosca e diz que ele n\u00e3o pode brigar, porque n\u00e3o \u00e9 certo. Junior chega e encontra Andreia. Carmen sugere que Junior leve Andreia para dar uma volta pela cidade. Mosca decide resolver a situa\u00e7\u00e3o de Samuca falando com a diretora. Carol vai ao Caf\u00e9 Boutique almo\u00e7ar com Junior. Junior chega acompanhado de Andreia. Gabriela e Sim\u00e3o chegam a fazenda e chamam por Miguel. <\/p>\n<p>Miguel responde para Gabriela, mas os capangas de Carmen tapam sua boca. Helena, a nova cuidadora do Orfanato, leva Pipoca para passear e a deixa presa no banco da Pra\u00e7a. Ana e Tati procuram por Pipoca. Helena mente que deixou o port\u00e3o aberto, sem querer, e a cachorra fugiu. Andreia almo\u00e7a com Junior e Carol e relembra quando ela e Junior se conheceram. Carol fica incomodada. Mosca sai para procurar Pipoca e encontra os dois meninos da escola, Julio e Caio. Eles come\u00e7am a brigar quando F\u00e1bio aparece e ajuda Mosca a se livrar dos encrenqueiros. Tatu est\u00e1 passeando com seu cachorro e encontra Pipoca presa no banco. Sim\u00e3o e Gabriela n\u00e3o conseguem encontrar Miguel. Tati encontra Pipoca com Tatu e a leva embora. C\u00edcero e Tati est\u00e3o conversando, quando Vivi, escondida, v\u00ea tudo.<\/p>\n<p>(*) edi\u00e7\u00e3o do SBT, Novela \u201cChiquititas\u201d, sujeito a altera\u00e7\u00e3o de data e conte\u00fado.<\/p>\n<p>Chiquititas gira em torno do orfanato Raio de Luz, que carrega em sua hist\u00f3ria um grande segredo envolvendo a fam\u00edlia e o dono do orfanato, Dr. Jos\u00e9 Ricardo Almeida Campos. Em um per\u00edodo anterior \u00e0 novela, exatos treze anos, sua filha Gabriela se apaixonou e ficou gr\u00e1vida de Miguel, filho de Valentina, empregada da casa dos Almeida Campos. Pouco depois, Jos\u00e9 Ricardo sequestrou sua neta, pois, como um homem conservador, ele n\u00e3o aceitava a ideia de que sua filha se envolvesse com um empregado. Como sua neta, Milena, apelidada como Mili, precisava de um lugar para morar, ele comprou um casar\u00e3o e fundou um orfanato, o Raio de Luz. Mili cresceu l\u00e1 com outras garotas que chegaram posteriormente: Bia, Ana, as irm\u00e3s Tati e Vivi, e Cris. Ao decorrer dos anos, elas se tornam uma fam\u00edlia. Elas s\u00e3o supervisionadas por Ernestina, zeladora do orfanato, e Chico, o cozinheiro amado pelas internas. Sofia, ex-governanta da fam\u00edlia Almeida Campos, \u00e9 a diretora do lugar, at\u00e9 que Carmem, irm\u00e3 de Jos\u00e9 Ricardo, entre em seu lugar. Chegam ainda mais \u00f3rf\u00e3os: Pata, Mosca, Binho e Rafa, que viviam nas ruas antes de entrarem na institui\u00e7\u00e3o. Pata e Mili tornam-se amigas rapidamente, enquanto Mosca, Binho e Rafa s\u00e3o os primeiros garotos a entrar no abrigo. As crian\u00e7as sem-teto foram ajudadas por uma doce e bela garota que tocam e mudam a vida delas, assim como as das garotas \u00f3rf\u00e3s.<\/p>\n","protected":false},"excerpt":{"rendered":"<p>Resumo novela \u201cChiquititas\u201d 22\/02: no cap\u00edtulo 378(*) da novela \u201cChiquititas\u201d, resumo de quinta-feira, 22 de fevereiro, Andreia liga para Junior, Carmen atende e a convida para ir at\u00e9 l\u00e1. Carmen conversa com Andreia, que revela nunca ter esquecido completamente Junior. Andreia diz que veio ao Brasil para se tratar, porque est\u00e1 com suspeita de uma [&hellip;]<\/p>\n","protected":false},"author":4,"featured_media":49690,"comment_status":"open","ping_status":"closed","sticky":false,"template":"","format":"standard","meta":{"tdm_status":"","tdm_grid_status":"","footnotes":""},"categories":[409,379,372,343],"tags":[441],"class_list":{"0":"post-135535","1":"post","2":"type-post","3":"status-publish","4":"format-standard","5":"has-post-thumbnail","7":"category-chiquititas","8":"category-novelas","9":"category-sbt","10":"category-televisao","11":"tag-resumo-do-dia"},"_links":{"self":[{"href":"https:\/\/migracao.redenoticia.com.br\/noticia\/wp-json\/wp\/v2\/posts\/135535","targetHints":{"allow":["GET"]}}],"collection":[{"href":"https:\/\/migracao.redenoticia.com.br\/noticia\/wp-json\/wp\/v2\/posts"}],"about":[{"href":"https:\/\/migracao.redenoticia.com.br\/noticia\/wp-json\/wp\/v2\/types\/post"}],"author":[{"embeddable":true,"href":"https:\/\/migracao.redenoticia.com.br\/noticia\/wp-json\/wp\/v2\/users\/4"}],"replies":[{"embeddable":true,"href":"https:\/\/migracao.redenoticia.com.br\/noticia\/wp-json\/wp\/v2\/comments?post=135535"}],"version-history":[{"count":0,"href":"https:\/\/migracao.redenoticia.com.br\/noticia\/wp-json\/wp\/v2\/posts\/135535\/revisions"}],"wp:featuredmedia":[{"embeddable":true,"href":"https:\/\/migracao.redenoticia.com.br\/noticia\/wp-json\/wp\/v2\/media\/49690"}],"wp:attachment":[{"href":"https:\/\/migracao.redenoticia.com.br\/noticia\/wp-json\/wp\/v2\/media?parent=135535"}],"wp:term":[{"taxonomy":"category","embeddable":true,"href":"https:\/\/migracao.redenoticia.com.br\/noticia\/wp-json\/wp\/v2\/categories?post=135535"},{"taxonomy":"post_tag","embeddable":true,"href":"https:\/\/migracao.redenoticia.com.br\/noticia\/wp-json\/wp\/v2\/tags?post=135535"}],"curies":[{"name":"wp","href":"https:\/\/api.w.org\/{rel}","templated":true}]}}