{"id":135633,"date":"2018-02-23T00:04:35","date_gmt":"2018-02-23T03:04:35","guid":{"rendered":"https:\/\/www.redenoticia.com.br\/noticia\/?p=135633"},"modified":"2018-02-22T22:45:07","modified_gmt":"2018-02-23T01:45:07","slug":"instituto-weizmann-oferece-bolsas-para-escola-de-verao-em-israel","status":"publish","type":"post","link":"https:\/\/migracao.redenoticia.com.br\/noticia\/2018\/instituto-weizmann-oferece-bolsas-para-escola-de-verao-em-israel\/135633","title":{"rendered":"Instituto Weizmann oferece bolsas para escola de ver\u00e3o em Israel"},"content":{"rendered":"<p> Ag\u00eancia FAPESP\u00a0\u2013 O grupo Amigos do Instituto Weizmann do Brasil proporcionar\u00e1 a quatro estudantes brasileiros a oportunidade de participar como <strong><em>bolsistas<\/em><\/strong> do International Summer Science Institute, que ser\u00e1 realizado de 3 a 26 de julho de 2018 em Rehovot, Israel.<\/p>\n<p>As vagas s\u00e3o para quem terminou o ensino m\u00e9dio ou est\u00e1 no primeiro ano do ensino superior em 2018. \u00c9 necess\u00e1rio dom\u00ednio do ingl\u00eas. Durante a escola, o Instituto Weizmann abrir\u00e1 seus laborat\u00f3rios nas \u00e1reas de bioqu\u00edmica, biologia, qu\u00edmica, matem\u00e1tica, ci\u00eancia da computa\u00e7\u00e3o e f\u00edsica para os futuros cientistas.<\/p>\n<p>Al\u00e9m de participar diretamente de pesquisa cient\u00edfica de ponta e de se relacionar com cientistas do instituto, os alunos brasileiros ter\u00e3o contato com cerca de 80 jovens de v\u00e1rios pa\u00edses. A programa\u00e7\u00e3o inclui tr\u00eas semanas dedicadas \u00e0 pesquisa cient\u00edfica de laborat\u00f3rio, onde ocorrer\u00e3o palestras, semin\u00e1rios e visitas a algumas das instala\u00e7\u00f5es de \u00faltima gera\u00e7\u00e3o no campus.<\/p>\n<p>Os candidatos selecionados receber\u00e3o bolsa integral, que inclui viagem, estadia e taxas de atividades, financiada pelo Grupo dos Amigos do Instituto Weizmann-Brasil.<\/p>\n<p>Para participar do processo seletivo \u00e9 necess\u00e1rio responder o formul\u00e1rio dispon\u00edvel no\u00a0, at\u00e9 dia 25 de fevereiro. A segunda fase do processo consiste em entrevista pessoal em ingl\u00eas com os candidatos selecionados, que acontecer\u00e1 no dia 15 de mar\u00e7o, via Skype. Os candidatos convocados para essa fase ser\u00e3o notificados por e-mail ou telefone. O resultado ser\u00e1 divulgado no dia 19 de mar\u00e7o.<\/p>\n<p>Mais informa\u00e7\u00f5es:\u00a0. <\/p>\n","protected":false},"excerpt":{"rendered":"<p>Ag\u00eancia FAPESP\u00a0\u2013 O grupo Amigos do Instituto Weizmann do Brasil proporcionar\u00e1 a quatro estudantes brasileiros a oportunidade de participar como bolsistas do International Summer Science Institute, que ser\u00e1 realizado de 3 a 26 de julho de 2018 em Rehovot, Israel. As vagas s\u00e3o para quem terminou o ensino m\u00e9dio ou est\u00e1 no primeiro ano do [&hellip;]<\/p>\n","protected":false},"author":2,"featured_media":37419,"comment_status":"open","ping_status":"closed","sticky":false,"template":"","format":"standard","meta":{"tdm_status":"","tdm_grid_status":"","footnotes":""},"categories":[22,351,370],"tags":[],"class_list":{"0":"post-135633","1":"post","2":"type-post","3":"status-publish","4":"format-standard","5":"has-post-thumbnail","7":"category-brasil","8":"category-cursos","9":"category-inscricao"},"_links":{"self":[{"href":"https:\/\/migracao.redenoticia.com.br\/noticia\/wp-json\/wp\/v2\/posts\/135633","targetHints":{"allow":["GET"]}}],"collection":[{"href":"https:\/\/migracao.redenoticia.com.br\/noticia\/wp-json\/wp\/v2\/posts"}],"about":[{"href":"https:\/\/migracao.redenoticia.com.br\/noticia\/wp-json\/wp\/v2\/types\/post"}],"author":[{"embeddable":true,"href":"https:\/\/migracao.redenoticia.com.br\/noticia\/wp-json\/wp\/v2\/users\/2"}],"replies":[{"embeddable":true,"href":"https:\/\/migracao.redenoticia.com.br\/noticia\/wp-json\/wp\/v2\/comments?post=135633"}],"version-history":[{"count":0,"href":"https:\/\/migracao.redenoticia.com.br\/noticia\/wp-json\/wp\/v2\/posts\/135633\/revisions"}],"wp:featuredmedia":[{"embeddable":true,"href":"https:\/\/migracao.redenoticia.com.br\/noticia\/wp-json\/wp\/v2\/media\/37419"}],"wp:attachment":[{"href":"https:\/\/migracao.redenoticia.com.br\/noticia\/wp-json\/wp\/v2\/media?parent=135633"}],"wp:term":[{"taxonomy":"category","embeddable":true,"href":"https:\/\/migracao.redenoticia.com.br\/noticia\/wp-json\/wp\/v2\/categories?post=135633"},{"taxonomy":"post_tag","embeddable":true,"href":"https:\/\/migracao.redenoticia.com.br\/noticia\/wp-json\/wp\/v2\/tags?post=135633"}],"curies":[{"name":"wp","href":"https:\/\/api.w.org\/{rel}","templated":true}]}}