{"id":135693,"date":"2018-02-23T00:07:41","date_gmt":"2018-02-23T03:07:41","guid":{"rendered":"https:\/\/www.redenoticia.com.br\/noticia\/?p=135693"},"modified":"2018-02-22T22:45:20","modified_gmt":"2018-02-23T01:45:20","slug":"usp-sao-carlos-prepara-alunos-para-olimpiada-de-astronomia","status":"publish","type":"post","link":"https:\/\/migracao.redenoticia.com.br\/noticia\/2018\/usp-sao-carlos-prepara-alunos-para-olimpiada-de-astronomia\/135693","title":{"rendered":"USP S\u00e3o Carlos prepara alunos para Olimp\u00edada de Astronomia"},"content":{"rendered":"<p> Est\u00e3o abertas as inscri\u00e7\u00f5es para os minicursos preparat\u00f3rios para a <strong><em>Olimp\u00edada Brasileira de Astronomia<\/em><\/strong> e Astron\u00e1utica do Observat\u00f3rio Dietrich Schiel, do Centro de Divulga\u00e7\u00e3o Cient\u00edfica e Cultural (CDCC) da Universidade de S\u00e3o Paulo (USP) em S\u00e3o Carlos.<\/p>\n<p>O objetivo dos cursos \u00e9, por meio de aulas expositivas e atividades pr\u00e1ticas, preparar os alunos de ensino fundamental e ensino m\u00e9dio para as provas de n\u00edveis 3 e 4 da XXI OBA (edi\u00e7\u00e3o 2018).<\/p>\n<p>O CDCC busca, para o curso, alunos da rede de ensino interessados em prestar a prova da OBA ou em adquirir conhecimentos na \u00e1rea de Astronomia e Astron\u00e1utica, distribu\u00eddos nos dois cursos oferecidos: \u00a0curso de n\u00edvel 3, destinado a alunos do ensino fundamental 2 (5\u00aa \u00e0 8\u00aa s\u00e9ries ou 6\u00ba ao 9\u00ba anos); e curso de n\u00edvel 4, para alunos do ensino m\u00e9dio.<\/p>\n<p>Os cursos t\u00eam dura\u00e7\u00e3o de oito semanas, com duas horas por aula, tanto para o curso de n\u00edvel 3, quanto para o n\u00edvel 4. Ele ser\u00e3o realizado de 3 de mar\u00e7o a 5 de maio, sempre aos s\u00e1bados. Os hor\u00e1rios s\u00e3o, das 9h \u00e0s 11h para o n\u00edvel 3, e das 14h \u00e0s 16h para o n\u00edvel 4. N\u00e3o haver\u00e1 aulas nos dias 31 de mar\u00e7o e 21 de abril, em virtude dos feriados da Sexta-Feira Santa e do Dia de Tiradentes, respectivamente.<\/p>\n<p>Os cursos ocorrer\u00e3o nas depend\u00eancias do Observat\u00f3rio Dietrich Schiel, que fica na \u00c1rea 1 do campus da USP em S\u00e3o Carlos, acesso para pedestres pr\u00f3ximo \u00e0 esquina da Av. Dr. Carlos Botelho com a Rua Visconde de Inha\u00fama.<\/p>\n<p>As inscri\u00e7\u00f5es v\u00e3o at\u00e9 1\u00ba de mar\u00e7o, e s\u00e3o feitas mediante formul\u00e1rio eletr\u00f4nico on-line, cujo acesso \u00e9 solicitado via e-mail, por telefone ou pessoalmente. Para solicitar a inscri\u00e7\u00e3o, \u00e9 necess\u00e1rio fornecer os seguintes dados ao e-mail cda@cdcc.usp.br: nome, data de nascimento, nome do pai, m\u00e3e ou respons\u00e1vel, e-mail, telefone do pai m\u00e3e ou respons\u00e1vel e nome da escola em que est\u00e1 matriculado.<\/p>\n<p>S\u00e3o 40 vagas para o curso de n\u00edvel 3 e 40 vagas para o curso de n\u00edvel 4, ambas as turmas devem ter um m\u00ednimo de 10 inscritos. Caso o n\u00famero m\u00ednimo n\u00e3o seja atingido, o curso \u00e9 automaticamente cancelado.<\/p>\n<p>O curso, que ser\u00e1 ministrado pela equipe de monitores do Setor de Astronomia CDA\/CDCC\/USP, \u00e9 gratuito e com certificado de participa\u00e7\u00e3o para quem obtiver um m\u00ednimo de 85% de presen\u00e7a (presen\u00e7a em pelo menos sete das oito aulas oferecidas).<\/p>\n<p>Mais informa\u00e7\u00f5es podem ser adquiridas pelo telefone (16) 3373-9191, ou neste\u00a0.<\/p>\n<p>Do Portal do Governo SP<\/p>\n","protected":false},"excerpt":{"rendered":"<p>Est\u00e3o abertas as inscri\u00e7\u00f5es para os minicursos preparat\u00f3rios para a Olimp\u00edada Brasileira de Astronomia e Astron\u00e1utica do Observat\u00f3rio Dietrich Schiel, do Centro de Divulga\u00e7\u00e3o Cient\u00edfica e Cultural (CDCC) da Universidade de S\u00e3o Paulo (USP) em S\u00e3o Carlos. O objetivo dos cursos \u00e9, por meio de aulas expositivas e atividades pr\u00e1ticas, preparar os alunos de ensino [&hellip;]<\/p>\n","protected":false},"author":2,"featured_media":36248,"comment_status":"open","ping_status":"closed","sticky":false,"template":"","format":"standard","meta":{"tdm_status":"","tdm_grid_status":"","footnotes":""},"categories":[22,351,370],"tags":[],"class_list":{"0":"post-135693","1":"post","2":"type-post","3":"status-publish","4":"format-standard","5":"has-post-thumbnail","7":"category-brasil","8":"category-cursos","9":"category-inscricao"},"_links":{"self":[{"href":"https:\/\/migracao.redenoticia.com.br\/noticia\/wp-json\/wp\/v2\/posts\/135693","targetHints":{"allow":["GET"]}}],"collection":[{"href":"https:\/\/migracao.redenoticia.com.br\/noticia\/wp-json\/wp\/v2\/posts"}],"about":[{"href":"https:\/\/migracao.redenoticia.com.br\/noticia\/wp-json\/wp\/v2\/types\/post"}],"author":[{"embeddable":true,"href":"https:\/\/migracao.redenoticia.com.br\/noticia\/wp-json\/wp\/v2\/users\/2"}],"replies":[{"embeddable":true,"href":"https:\/\/migracao.redenoticia.com.br\/noticia\/wp-json\/wp\/v2\/comments?post=135693"}],"version-history":[{"count":0,"href":"https:\/\/migracao.redenoticia.com.br\/noticia\/wp-json\/wp\/v2\/posts\/135693\/revisions"}],"wp:featuredmedia":[{"embeddable":true,"href":"https:\/\/migracao.redenoticia.com.br\/noticia\/wp-json\/wp\/v2\/media\/36248"}],"wp:attachment":[{"href":"https:\/\/migracao.redenoticia.com.br\/noticia\/wp-json\/wp\/v2\/media?parent=135693"}],"wp:term":[{"taxonomy":"category","embeddable":true,"href":"https:\/\/migracao.redenoticia.com.br\/noticia\/wp-json\/wp\/v2\/categories?post=135693"},{"taxonomy":"post_tag","embeddable":true,"href":"https:\/\/migracao.redenoticia.com.br\/noticia\/wp-json\/wp\/v2\/tags?post=135693"}],"curies":[{"name":"wp","href":"https:\/\/api.w.org\/{rel}","templated":true}]}}