{"id":135694,"date":"2018-02-23T00:08:00","date_gmt":"2018-02-23T03:08:00","guid":{"rendered":"https:\/\/www.redenoticia.com.br\/noticia\/?p=135694"},"modified":"2018-02-22T22:45:26","modified_gmt":"2018-02-23T01:45:26","slug":"governo-estuda-ampliar-vacinacao-de-febre-amarela-para-todo-o-pais","status":"publish","type":"post","link":"https:\/\/migracao.redenoticia.com.br\/noticia\/2018\/governo-estuda-ampliar-vacinacao-de-febre-amarela-para-todo-o-pais\/135694","title":{"rendered":"Governo estuda ampliar vacina\u00e7\u00e3o de febre amarela para todo o pa\u00eds"},"content":{"rendered":"<p> O Minist\u00e9rio da Sa\u00fade vai discutir com estados e organismos internacionais a possibilidade de ampliar a <strong><em>vacina\u00e7\u00e3o de febre amarela<\/em><\/strong> para todo o pa\u00eds ainda neste ano por conta da circula\u00e7\u00e3o do v\u00edrus em novas \u00e1reas. O ministro da Sa\u00fade, Ricardo Barros, apresentou a proposta em Bras\u00edlia, durante reuni\u00e3o da Comiss\u00e3o Intergestores Tripartite.<\/p>\n<p>A sugest\u00e3o ser\u00e1 tamb\u00e9m discutida com organismos internacionais, como a Organiza\u00e7\u00e3o Mundial da Sa\u00fade (OMS) e a Organiza\u00e7\u00e3o Pan-Americana da Sa\u00fade (OPAS).<\/p>\n<p>Ao apresentar a proposta, o ministro defendeu que estrat\u00e9gia de vacinar toda a popula\u00e7\u00e3o, deve ser feita de forma gradual, de acordo com as possibilidades dos estados. Segundo ele, se a amplia\u00e7\u00e3o for definida, haver\u00e1 uma programa\u00e7\u00e3o de vacina\u00e7\u00e3o para cada estado.<\/p>\n<p>Atualmente, alguns estados do Nordeste e \u00e1reas do Sul e Sudeste do pa\u00eds n\u00e3o fazem parte das \u00e1reas de recomenda\u00e7\u00e3o de vacina, por n\u00e3o apresentarem circula\u00e7\u00e3o do v\u00edrus.<\/p>\n<p>Vacina\u00e7\u00e3o pode atingir 34 milh\u00f5es de pessoas<\/p>\n<p>Nestes locais devem ser vacinados, aproximadamente, 34 milh\u00f5es de pessoas, sendo 11 milh\u00f5es nas regi\u00f5es Sul e Sudeste, al\u00e9m de 23 milh\u00f5es no Nordeste.<\/p>\n<p>Agora, o minist\u00e9rio estuda incluir todos os estados do pa\u00eds como \u00c1rea Com Recomenda\u00e7\u00e3o de Vacina\u00e7\u00e3o. O Minist\u00e9rio da Sa\u00fade aguarda o funcionamento da nova f\u00e1brica da Libbs Farmac\u00eautica, em S\u00e3o Paulo, que poder\u00e1 produzir mais 4 milh\u00f5es de vacinas por m\u00eas.<\/p>\n<p>Entre 1\u00ba julho de 2017 e 20 de fevereiro deste ano, foram confirmados 545 casos de febre amarela no pa\u00eds, com 164 \u00f3bitos. Ao todo, foram notificados 1.773 casos suspeitos, sendo que 685 foram descartados e 422 permanecem em investiga\u00e7\u00e3o.<\/p>\n<p>Sabrina Craide &#8211; Rep\u00f3rter da Ag\u00eancia Brasil<br \/>\nEdi\u00e7\u00e3o: Kleber Sampaio<br \/>\n23\/02\/2018<\/p>\n","protected":false},"excerpt":{"rendered":"<p>O Minist\u00e9rio da Sa\u00fade vai discutir com estados e organismos internacionais a possibilidade de ampliar a vacina\u00e7\u00e3o de febre amarela para todo o pa\u00eds ainda neste ano por conta da circula\u00e7\u00e3o do v\u00edrus em novas \u00e1reas. O ministro da Sa\u00fade, Ricardo Barros, apresentou a proposta em Bras\u00edlia, durante reuni\u00e3o da Comiss\u00e3o Intergestores Tripartite. A sugest\u00e3o [&hellip;]<\/p>\n","protected":false},"author":2,"featured_media":34747,"comment_status":"open","ping_status":"closed","sticky":false,"template":"","format":"standard","meta":{"tdm_status":"","tdm_grid_status":"","footnotes":""},"categories":[22,5],"tags":[],"class_list":{"0":"post-135694","1":"post","2":"type-post","3":"status-publish","4":"format-standard","5":"has-post-thumbnail","7":"category-brasil","8":"category-saude-e-vida"},"_links":{"self":[{"href":"https:\/\/migracao.redenoticia.com.br\/noticia\/wp-json\/wp\/v2\/posts\/135694","targetHints":{"allow":["GET"]}}],"collection":[{"href":"https:\/\/migracao.redenoticia.com.br\/noticia\/wp-json\/wp\/v2\/posts"}],"about":[{"href":"https:\/\/migracao.redenoticia.com.br\/noticia\/wp-json\/wp\/v2\/types\/post"}],"author":[{"embeddable":true,"href":"https:\/\/migracao.redenoticia.com.br\/noticia\/wp-json\/wp\/v2\/users\/2"}],"replies":[{"embeddable":true,"href":"https:\/\/migracao.redenoticia.com.br\/noticia\/wp-json\/wp\/v2\/comments?post=135694"}],"version-history":[{"count":0,"href":"https:\/\/migracao.redenoticia.com.br\/noticia\/wp-json\/wp\/v2\/posts\/135694\/revisions"}],"wp:featuredmedia":[{"embeddable":true,"href":"https:\/\/migracao.redenoticia.com.br\/noticia\/wp-json\/wp\/v2\/media\/34747"}],"wp:attachment":[{"href":"https:\/\/migracao.redenoticia.com.br\/noticia\/wp-json\/wp\/v2\/media?parent=135694"}],"wp:term":[{"taxonomy":"category","embeddable":true,"href":"https:\/\/migracao.redenoticia.com.br\/noticia\/wp-json\/wp\/v2\/categories?post=135694"},{"taxonomy":"post_tag","embeddable":true,"href":"https:\/\/migracao.redenoticia.com.br\/noticia\/wp-json\/wp\/v2\/tags?post=135694"}],"curies":[{"name":"wp","href":"https:\/\/api.w.org\/{rel}","templated":true}]}}