{"id":135776,"date":"2018-02-24T00:08:07","date_gmt":"2018-02-24T03:08:07","guid":{"rendered":"https:\/\/www.redenoticia.com.br\/noticia\/?p=135776"},"modified":"2018-02-23T18:03:00","modified_gmt":"2018-02-23T21:03:00","slug":"resumo-novela-chiquititas-26-02-duda-fala-para-marian-que-namora-pata","status":"publish","type":"post","link":"https:\/\/migracao.redenoticia.com.br\/noticia\/2018\/resumo-novela-chiquititas-26-02-duda-fala-para-marian-que-namora-pata\/135776","title":{"rendered":"Resumo novela \u201cChiquititas\u201d 26\/02: Duda fala para Marian que namora Pata"},"content":{"rendered":"<p> <img loading=\"lazy\" decoding=\"async\" class=\"alignleft size-thumbnail wp-image-49690\" src=\"https:\/\/migracao.redenoticia.com.br\/noticia\/imagens\/chiquititas1-150x112.jpg\" alt=\"chiquititas\" width=\"150\" height=\"112\" \/><strong><em>Resumo novela \u201cChiquititas\u201d 26\/02<\/em><\/strong>: no cap\u00edtulo 380(*) da novela \u201cChiquititas\u201d, resumo de segunda-feira, 26 de fevereiro, ela fica brava e fala que ele n\u00e3o poderia ter desconfiado dela, mas aceita fazer o teste. Na escola, Mili percebe que Vivi ainda est\u00e1 triste e oferece ajuda. Ela prop\u00f5e ir com a Tati se encontrar com C\u00edcero e dar o recado de Vivi a ele. Carmen acompanha Andreia ao m\u00e9dico. Elas conversam sobre Junior e Andreia diz que n\u00e3o tem total certeza de que ele seja pai de seu filho e que tomou um baque quando descobriu que Junior estava namorando, pois sua inten\u00e7\u00e3o era voltar com ele e criar Diego. Helena amea\u00e7a as crian\u00e7as para que elas n\u00e3o voltem entrar em sua casa. Mestre Chen decide voltar para o Oriente, pois \u00e9 infeliz no Brasil. <\/p>\n<p>Dr. Fernando atende Andreia. Mili e Tati encontram C\u00edcero. Mili d\u00e1 o recado de Vivi, diz que ela quer conversar com ele sem presen\u00e7a da Tati. Duda fala para Marian que est\u00e1 namorando Pata. Pata conta para Cris que seu namoro com Duda \u00e9 de mentira. Maria e a boneca Laura acham que o \u201cfantasma\u201d que vive na casa de Helena \u00e9 o Miguel. Elas decidem ir \u00e0 casa de Helena libertar o \u201cfantasma\u201d. Teca, Neco, Tati, Ana e Dani pedem emprestado o aparelho ca\u00e7a fantasma de Samuca. Carmen prop\u00f5e a Dr. Fernando parceria para acabarem com o romance de Junior e Carolina. Junior e Gabriela conversam sobre a poss\u00edvel paternidade. Maria e a boneca Laura entram na casa de Helena e chamam pelo \u201cfantasma\u201d. <\/p>\n<p>Helena chega, Maria e a boneca saem correndo, mas n\u00e3o d\u00e1 tempo da boneca Laura fugir e Helena a encontra, em forma de boneca. Helena promete se vingar. Maria tenta recuperar Laurinha, mas Helena n\u00e3o a devolve. Os meninos se despedem do mestre Chen e de F\u00e1bio. Durante o almo\u00e7o, Maria Cec\u00edlia percebe que Tobias est\u00e1 preocupado e pergunta o que est\u00e1 acontecendo, ele inventa que est\u00e1 com um problema com Francis. Tobias come\u00e7a a ter alucina\u00e7\u00f5es com Tom\u00e1s Ferraz. Mili e Vivi v\u00e3o ao encontro de C\u00edcero. Maria conta para Carol que entrou na casa da Helena escondida e agora ela n\u00e3o quer devolver sua boneca. Carol diz que vai falar com Helena. Vivi n\u00e3o consegue se aproximar de C\u00edcero e volta correndo para o Orfanato.<\/p>\n<p>(*) edi\u00e7\u00e3o do SBT, Novela \u201cChiquititas\u201d, sujeito a altera\u00e7\u00e3o de data e conte\u00fado. <\/p>\n<p>Chiquititas gira em torno do orfanato Raio de Luz, que carrega em sua hist\u00f3ria um grande segredo envolvendo a fam\u00edlia e o dono do orfanato, Dr. Jos\u00e9 Ricardo Almeida Campos. Em um per\u00edodo anterior \u00e0 novela, exatos treze anos, sua filha Gabriela se apaixonou e ficou gr\u00e1vida de Miguel, filho de Valentina, empregada da casa dos Almeida Campos. Pouco depois, Jos\u00e9 Ricardo sequestrou sua neta, pois, como um homem conservador, ele n\u00e3o aceitava a ideia de que sua filha se envolvesse com um empregado. Como sua neta, Milena, apelidada como Mili, precisava de um lugar para morar, ele comprou um casar\u00e3o e fundou um orfanato, o Raio de Luz. <\/p>\n<p>Mili cresceu l\u00e1 com outras garotas que chegaram posteriormente: Bia, Ana, as irm\u00e3s Tati e Vivi, e Cris. Ao decorrer dos anos, elas se tornam uma fam\u00edlia. Elas s\u00e3o supervisionadas por Ernestina, zeladora do orfanato, e Chico, o cozinheiro amado pelas internas. Sofia, ex-governanta da fam\u00edlia Almeida Campos, \u00e9 a diretora do lugar, at\u00e9 que Carmem, irm\u00e3 de Jos\u00e9 Ricardo, entre em seu lugar. Chegam ainda mais \u00f3rf\u00e3os: Pata, Mosca, Binho e Rafa, que viviam nas ruas antes de entrarem na institui\u00e7\u00e3o. Pata e Mili tornam-se amigas rapidamente, enquanto Mosca, Binho e Rafa s\u00e3o os primeiros garotos a entrar no abrigo. As crian\u00e7as sem-teto foram ajudadas por uma doce e bela garota que tocam e mudam a vida delas, assim como as das garotas \u00f3rf\u00e3s.<\/p>\n","protected":false},"excerpt":{"rendered":"<p>Resumo novela \u201cChiquititas\u201d 26\/02: no cap\u00edtulo 380(*) da novela \u201cChiquititas\u201d, resumo de segunda-feira, 26 de fevereiro, ela fica brava e fala que ele n\u00e3o poderia ter desconfiado dela, mas aceita fazer o teste. Na escola, Mili percebe que Vivi ainda est\u00e1 triste e oferece ajuda. Ela prop\u00f5e ir com a Tati se encontrar com C\u00edcero [&hellip;]<\/p>\n","protected":false},"author":2,"featured_media":49690,"comment_status":"open","ping_status":"closed","sticky":false,"template":"","format":"standard","meta":{"tdm_status":"","tdm_grid_status":"","footnotes":""},"categories":[409,379,372,343],"tags":[441],"class_list":{"0":"post-135776","1":"post","2":"type-post","3":"status-publish","4":"format-standard","5":"has-post-thumbnail","7":"category-chiquititas","8":"category-novelas","9":"category-sbt","10":"category-televisao","11":"tag-resumo-do-dia"},"_links":{"self":[{"href":"https:\/\/migracao.redenoticia.com.br\/noticia\/wp-json\/wp\/v2\/posts\/135776","targetHints":{"allow":["GET"]}}],"collection":[{"href":"https:\/\/migracao.redenoticia.com.br\/noticia\/wp-json\/wp\/v2\/posts"}],"about":[{"href":"https:\/\/migracao.redenoticia.com.br\/noticia\/wp-json\/wp\/v2\/types\/post"}],"author":[{"embeddable":true,"href":"https:\/\/migracao.redenoticia.com.br\/noticia\/wp-json\/wp\/v2\/users\/2"}],"replies":[{"embeddable":true,"href":"https:\/\/migracao.redenoticia.com.br\/noticia\/wp-json\/wp\/v2\/comments?post=135776"}],"version-history":[{"count":0,"href":"https:\/\/migracao.redenoticia.com.br\/noticia\/wp-json\/wp\/v2\/posts\/135776\/revisions"}],"wp:featuredmedia":[{"embeddable":true,"href":"https:\/\/migracao.redenoticia.com.br\/noticia\/wp-json\/wp\/v2\/media\/49690"}],"wp:attachment":[{"href":"https:\/\/migracao.redenoticia.com.br\/noticia\/wp-json\/wp\/v2\/media?parent=135776"}],"wp:term":[{"taxonomy":"category","embeddable":true,"href":"https:\/\/migracao.redenoticia.com.br\/noticia\/wp-json\/wp\/v2\/categories?post=135776"},{"taxonomy":"post_tag","embeddable":true,"href":"https:\/\/migracao.redenoticia.com.br\/noticia\/wp-json\/wp\/v2\/tags?post=135776"}],"curies":[{"name":"wp","href":"https:\/\/api.w.org\/{rel}","templated":true}]}}