{"id":1358,"date":"2009-05-07T22:46:23","date_gmt":"2009-05-08T02:46:23","guid":{"rendered":"http:\/\/www.redenoticia.com.br\/noticia\/?p=1358"},"modified":"2009-05-07T22:46:23","modified_gmt":"2009-05-08T02:46:23","slug":"expedito-e-anselmo-divergem-sobre-reforma-politica","status":"publish","type":"post","link":"https:\/\/migracao.redenoticia.com.br\/noticia\/2009\/expedito-e-anselmo-divergem-sobre-reforma-politica\/1358","title":{"rendered":"Expedito e Anselmo divergem sobre reforma pol\u00edtica"},"content":{"rendered":"<p><a href=\"https:\/\/migracao.redenoticia.com.br\/noticia\/imagens\/\/ansexp.jpg\"><img loading=\"lazy\" decoding=\"async\" class=\"alignleft size-full wp-image-1359\" title=\"ansexp\" src=\"https:\/\/migracao.redenoticia.com.br\/noticia\/imagens\/\/ansexp.jpg\" alt=\"ansexp\" width=\"150\" height=\"113\" \/><\/a>Ap\u00f3s abertura da 1\u00aa FECOMIND em Ji-Paran\u00e1, o Senador Expedito Junior (PR-RO), questionado sobre a reforma pol\u00edtica no que tange a Lista Fechada, se declara totalmente contra. Segundo Expedito,\u00a0 a decis\u00e3o do povo tem que ser respeitada e, se o eleitor escolhe um candidato este deve assumir o mandato e n\u00e3o o escolhido do partido.<\/p>\n<p>J\u00e1 o deputado federal Anselmo de Jesus (PT RO), questionado sobre o mesmo assunto, concorda com a reforma e acha que a fiscaliza\u00e7\u00e3o da campanha fica facilitada, por\u00e9m, n\u00e3o acha vi\u00e1vel para as pr\u00f3ximas elei\u00e7\u00f5es por se tratarem de altera\u00e7\u00f5es profundas e mudan\u00e7a de conceito.<\/p>\n<p>E sobre o assunto, o deputado federal Anselmo informou, com exclusividade, que ir\u00e1 apresentar uma emenda propondo que parlamentares possam concorrer \u00e0 reelei\u00e7\u00e3o uma \u00fanica vez.<\/p>\n","protected":false},"excerpt":{"rendered":"<p>Ap\u00f3s abertura da 1\u00aa FECOMIND em Ji-Paran\u00e1, o Senador Expedito Junior (PR-RO), questionado sobre a reforma pol\u00edtica no que tange a Lista Fechada, se declara totalmente contra. Segundo Expedito,\u00a0 a decis\u00e3o do povo tem que ser respeitada e, se o eleitor escolhe um candidato este deve assumir o mandato e n\u00e3o o escolhido do partido. [&hellip;]<\/p>\n","protected":false},"author":3,"featured_media":0,"comment_status":"open","ping_status":"open","sticky":false,"template":"","format":"standard","meta":{"tdm_status":"","tdm_grid_status":"","footnotes":""},"categories":[22],"tags":[],"class_list":{"0":"post-1358","1":"post","2":"type-post","3":"status-publish","4":"format-standard","6":"category-brasil"},"_links":{"self":[{"href":"https:\/\/migracao.redenoticia.com.br\/noticia\/wp-json\/wp\/v2\/posts\/1358","targetHints":{"allow":["GET"]}}],"collection":[{"href":"https:\/\/migracao.redenoticia.com.br\/noticia\/wp-json\/wp\/v2\/posts"}],"about":[{"href":"https:\/\/migracao.redenoticia.com.br\/noticia\/wp-json\/wp\/v2\/types\/post"}],"author":[{"embeddable":true,"href":"https:\/\/migracao.redenoticia.com.br\/noticia\/wp-json\/wp\/v2\/users\/3"}],"replies":[{"embeddable":true,"href":"https:\/\/migracao.redenoticia.com.br\/noticia\/wp-json\/wp\/v2\/comments?post=1358"}],"version-history":[{"count":0,"href":"https:\/\/migracao.redenoticia.com.br\/noticia\/wp-json\/wp\/v2\/posts\/1358\/revisions"}],"wp:attachment":[{"href":"https:\/\/migracao.redenoticia.com.br\/noticia\/wp-json\/wp\/v2\/media?parent=1358"}],"wp:term":[{"taxonomy":"category","embeddable":true,"href":"https:\/\/migracao.redenoticia.com.br\/noticia\/wp-json\/wp\/v2\/categories?post=1358"},{"taxonomy":"post_tag","embeddable":true,"href":"https:\/\/migracao.redenoticia.com.br\/noticia\/wp-json\/wp\/v2\/tags?post=1358"}],"curies":[{"name":"wp","href":"https:\/\/api.w.org\/{rel}","templated":true}]}}